{"id":30416,"date":"2021-03-02T11:52:36","date_gmt":"2021-03-02T10:52:36","guid":{"rendered":"https:\/\/www.forum-soegel.de\/information\/?p=30416"},"modified":"2021-03-02T11:52:36","modified_gmt":"2021-03-02T10:52:36","slug":"zahl-der-fluechtlinge-steigt-wieder-an-wohnraum-gesucht","status":"publish","type":"post","link":"https:\/\/www.forum-soegel.de\/information\/2021\/03\/zahl-der-fluechtlinge-steigt-wieder-an-wohnraum-gesucht\/","title":{"rendered":"Zahl der Fl\u00fcchtlinge steigt wieder an &#8211; Wohnraum gesucht"},"content":{"rendered":"\n<p>S\u00f6gel &#8211; Die Samtgemeinde S\u00f6gel sucht erneut Wohnungen f\u00fcr Fl\u00fcchtlinge und Asylbewerber. In einem Appell wendet sich die Samtgemeinde S\u00f6gel an die B\u00fcrgerinnen und B\u00fcrger Wohnungen f\u00fcr Menschen, die sich auf der Flucht befinden und mit gro\u00dfen Hoffnungen auf ein freies und sicheres Leben kommen, zur Verf\u00fcgung zu stellen.<\/p>\n\n\n\n<p>Der Samtgemeinde ist es wichtig, dass keine gro\u00dfen zentralen Einrichtungen f\u00fcr die Fl\u00fcchtlinge entstehen, sondern dass so viele Menschen wie m\u00f6glich in eigenen Wohnungen unterkommen k\u00f6nnen. Bisher habe man versucht, die Fl\u00fcchtlinge in den gr\u00f6\u00dferen Gemeinden unterzubringen, da die Fl\u00fcchtlinge nicht mobil sind. An dieser Strategie k\u00f6nne aufgrund der angespannten Wohnungslage nicht mehr festgehalten werden. Fachbereichsleiter R. H\u00f6mmeke erwartet in den n\u00e4chsten Wochen weitere Zuweisungen von Schutzsuchenden durch die Landesaufnahmebeh\u00f6rde. \u201eDaher k\u00f6nnen die B\u00fcrger in der Samtgemeinde S\u00f6gel, die \u00fcber freie Wohnungen verf\u00fcgen, diesen Menschen helfen, und den Wohnraum f\u00fcr diesen Zweck zur Verf\u00fcgung stellen. Es wird Wohnraum f\u00fcr Familien &#8211; insbesondere f\u00fcr Gro\u00dffamilien, Einzelpersonen oder f\u00fcr die Bildung von Wohngemeinschaften gesucht.\u201c<\/p>\n\n\n\n<p>Weitere Information gibt es im Fachbereich Arbeit und Soziales der Samtgemeinde S\u00f6gel. Bei einer Vermietung dieser Wohnungen wird die Samtgemeinde selbst als Mieter auftreten und entsprechende Mietzahlungen unmittelbar leisten.<\/p>\n\n\n\n<p>Ansprechpartner f\u00fcr eine Besichtigung und Mietpreisverhandlung: R. H\u00f6mmeke, Fachbereichsleiter Arbeit und Soziales, Tel. 05952\/206-132, hoemmeke@soegel.de bzw. L. Schmitz Tel. 05952\/206-145, schmitz@soegel.de.<\/p>\n\n\n\n<p>Text: Ingrid Cloppenburg<\/p>\n","protected":false},"excerpt":{"rendered":"S\u00f6gel &#8211; Die Samtgemeinde S\u00f6gel sucht erneut Wohnungen f\u00fcr Fl\u00fcchtlinge und Asylbewerber. In einem Appell wendet sich die Samtgemeinde S\u00f6gel an die B\u00fcrgerinnen und B\u00fcrger Wohnungen f\u00fcr Menschen, die sich auf der Flucht befinden und mit gro\u00dfen Hoffnungen auf ein freies und sicheres Leben kommen, zur Verf\u00fcgung zu stellen. Der Samtgemeinde ist es wichtig, dass [&hellip;]\n","protected":false},"author":2,"featured_media":0,"comment_status":"closed","ping_status":"closed","sticky":false,"template":"","format":"standard","meta":{"ngg_post_thumbnail":0,"footnotes":""},"categories":[3],"tags":[],"class_list":["post-30416","post","type-post","status-publish","format-standard","hentry","category-aktuelles-aus-der-region"],"_links":{"self":[{"href":"https:\/\/www.forum-soegel.de\/information\/wp-json\/wp\/v2\/posts\/30416","targetHints":{"allow":["GET"]}}],"collection":[{"href":"https:\/\/www.forum-soegel.de\/information\/wp-json\/wp\/v2\/posts"}],"about":[{"href":"https:\/\/www.forum-soegel.de\/information\/wp-json\/wp\/v2\/types\/post"}],"author":[{"embeddable":true,"href":"https:\/\/www.forum-soegel.de\/information\/wp-json\/wp\/v2\/users\/2"}],"replies":[{"embeddable":true,"href":"https:\/\/www.forum-soegel.de\/information\/wp-json\/wp\/v2\/comments?post=30416"}],"version-history":[{"count":1,"href":"https:\/\/www.forum-soegel.de\/information\/wp-json\/wp\/v2\/posts\/30416\/revisions"}],"predecessor-version":[{"id":30417,"href":"https:\/\/www.forum-soegel.de\/information\/wp-json\/wp\/v2\/posts\/30416\/revisions\/30417"}],"wp:attachment":[{"href":"https:\/\/www.forum-soegel.de\/information\/wp-json\/wp\/v2\/media?parent=30416"}],"wp:term":[{"taxonomy":"category","embeddable":true,"href":"https:\/\/www.forum-soegel.de\/information\/wp-json\/wp\/v2\/categories?post=30416"},{"taxonomy":"post_tag","embeddable":true,"href":"https:\/\/www.forum-soegel.de\/information\/wp-json\/wp\/v2\/tags?post=30416"}],"curies":[{"name":"wp","href":"https:\/\/api.w.org\/{rel}","templated":true}]}}