{"id":30411,"date":"2021-03-02T11:50:05","date_gmt":"2021-03-02T10:50:05","guid":{"rendered":"https:\/\/www.forum-soegel.de\/information\/?p=30411"},"modified":"2021-03-02T11:51:27","modified_gmt":"2021-03-02T10:51:27","slug":"wilfried-steenken-neu-im-gemeinderat-soegel","status":"publish","type":"post","link":"https:\/\/www.forum-soegel.de\/information\/2021\/03\/wilfried-steenken-neu-im-gemeinderat-soegel\/","title":{"rendered":"Wilfried Steenken neu im Gemeinderat S\u00f6gel"},"content":{"rendered":"\n<p>S\u00f6gel &#8211; Neues Gesicht im S\u00f6geler Gemeinderat. Wilfried Steenken r\u00fcckt in die SPD Fraktion f\u00fcr die verstorbene Ratsfrau Helene Kurka nach.<\/p>\n\n\n\n<p>\u201eWir haben mit Helene Kurka ein sehr engagiertes und auch couragiertes Ratsmitglied sowie eine gute Freundin verloren\u201c, macht Anno Immenga, der SPD Fraktionsvorsitzende im Gemeinderat S\u00f6gel, den Verlust der \u00fcberaus beliebten Ratsfrau deutlich. Aber nach Worten von Immenga freut man sich in der Fraktion auch, Wilfried Steenken aus dem Ortsteil Waldh\u00f6fe neu in der Fraktion begr\u00fc\u00dfen zu k\u00f6nnen. Seit der vergangenen Kommunalwahl im September 2016 wirkte Steenken innerhalb der Fraktion als so genanntes hinzugew\u00e4hltes Fraktionsmitglied mit. Wilfried Steenken bringt viel Erfahrung mit, er engagiert sich als Vertrauensmann im Fahrzeugwerk Krone in Werlte und ist auch aktiv im Sch\u00fctzenverein S\u00f6gel. \u201eAls geb\u00fcrtiger Waldh\u00f6fer m\u00f6chte ich aber auch die Anliegen der Menschen in den umliegenden Ortsteilen st\u00e4rker in den Fokus des Gemeinderates r\u00fccken\u201c, erkl\u00e4rte das zuk\u00fcnftige Gemeinderatsmitglied. Steenken ist sich sicher, in den verbleibenden Monaten noch Impulse setzen zu k\u00f6nnen. \u201eIch freue mich auf die Arbeit im Gemeinderat!\u201c<\/p>\n\n\n\n<p>Text: Ralf Schr\u00f6der<\/p>\n\n\n\n<p>Bild: Lars Bollmann<\/p>\n\n\n\n<figure class=\"wp-block-gallery columns-2 is-cropped wp-block-gallery-1 is-layout-flex wp-block-gallery-is-layout-flex\"><ul class=\"blocks-gallery-grid\"><li class=\"blocks-gallery-item\"><figure><a href=\"https:\/\/www.forum-soegel.de\/information\/wp-content\/uploads\/2021\/03\/Wilfried-Steenken-neu-im-Gemeinderat-Soegel-1-e1614682227947.jpg\"><img loading=\"lazy\" decoding=\"async\" width=\"768\" height=\"1024\" src=\"https:\/\/www.forum-soegel.de\/information\/wp-content\/uploads\/2021\/03\/Wilfried-Steenken-neu-im-Gemeinderat-Soegel-1-e1614682227947.jpg\" alt=\"\" data-id=\"30413\" data-full-url=\"https:\/\/www.forum-soegel.de\/information\/wp-content\/uploads\/2021\/03\/Wilfried-Steenken-neu-im-Gemeinderat-Soegel-1-e1614682227947.jpg\" data-link=\"https:\/\/www.forum-soegel.de\/information\/2021\/03\/wilfried-steenken-neu-im-gemeinderat-soegel\/wilfried-steenken-neu-im-gemeinderat-soegel-1\/\" class=\"wp-image-30413\" srcset=\"https:\/\/www.forum-soegel.de\/information\/wp-content\/uploads\/2021\/03\/Wilfried-Steenken-neu-im-Gemeinderat-Soegel-1-e1614682227947.jpg 768w, https:\/\/www.forum-soegel.de\/information\/wp-content\/uploads\/2021\/03\/Wilfried-Steenken-neu-im-Gemeinderat-Soegel-1-e1614682227947-225x300.jpg 225w\" sizes=\"auto, (max-width: 768px) 100vw, 768px\" \/><\/a><\/figure><\/li><li class=\"blocks-gallery-item\"><figure><a href=\"https:\/\/www.forum-soegel.de\/information\/wp-content\/uploads\/2021\/03\/Wilfried-Steenken-neu-im-Gemeinderat-Soegel-2-e1614682240243.jpg\"><img loading=\"lazy\" decoding=\"async\" width=\"768\" height=\"1024\" src=\"https:\/\/www.forum-soegel.de\/information\/wp-content\/uploads\/2021\/03\/Wilfried-Steenken-neu-im-Gemeinderat-Soegel-2-e1614682240243.jpg\" alt=\"\" data-id=\"30412\" data-full-url=\"https:\/\/www.forum-soegel.de\/information\/wp-content\/uploads\/2021\/03\/Wilfried-Steenken-neu-im-Gemeinderat-Soegel-2-e1614682240243.jpg\" data-link=\"https:\/\/www.forum-soegel.de\/information\/2021\/03\/wilfried-steenken-neu-im-gemeinderat-soegel\/wilfried-steenken-neu-im-gemeinderat-soegel-2\/\" class=\"wp-image-30412\" srcset=\"https:\/\/www.forum-soegel.de\/information\/wp-content\/uploads\/2021\/03\/Wilfried-Steenken-neu-im-Gemeinderat-Soegel-2-e1614682240243.jpg 768w, https:\/\/www.forum-soegel.de\/information\/wp-content\/uploads\/2021\/03\/Wilfried-Steenken-neu-im-Gemeinderat-Soegel-2-e1614682240243-225x300.jpg 225w\" sizes=\"auto, (max-width: 768px) 100vw, 768px\" \/><\/a><\/figure><\/li><\/ul><figcaption class=\"blocks-gallery-caption\">Wilfried Steenken (2. v.lks. bzw. 4. v. lks.) freut sich auf seine neue Aufgabe in der SPD-Fraktion.<\/figcaption><\/figure>\n","protected":false},"excerpt":{"rendered":"S\u00f6gel &#8211; Neues Gesicht im S\u00f6geler Gemeinderat. Wilfried Steenken r\u00fcckt in die SPD Fraktion f\u00fcr die verstorbene Ratsfrau Helene Kurka nach. \u201eWir haben mit Helene Kurka ein sehr engagiertes und auch couragiertes Ratsmitglied sowie eine gute Freundin verloren\u201c, macht Anno Immenga, der SPD Fraktionsvorsitzende im Gemeinderat S\u00f6gel, den Verlust der \u00fcberaus beliebten Ratsfrau deutlich. Aber [&hellip;]\n","protected":false},"author":2,"featured_media":0,"comment_status":"closed","ping_status":"closed","sticky":false,"template":"","format":"standard","meta":{"ngg_post_thumbnail":0,"footnotes":""},"categories":[3],"tags":[],"class_list":["post-30411","post","type-post","status-publish","format-standard","hentry","category-aktuelles-aus-der-region"],"_links":{"self":[{"href":"https:\/\/www.forum-soegel.de\/information\/wp-json\/wp\/v2\/posts\/30411","targetHints":{"allow":["GET"]}}],"collection":[{"href":"https:\/\/www.forum-soegel.de\/information\/wp-json\/wp\/v2\/posts"}],"about":[{"href":"https:\/\/www.forum-soegel.de\/information\/wp-json\/wp\/v2\/types\/post"}],"author":[{"embeddable":true,"href":"https:\/\/www.forum-soegel.de\/information\/wp-json\/wp\/v2\/users\/2"}],"replies":[{"embeddable":true,"href":"https:\/\/www.forum-soegel.de\/information\/wp-json\/wp\/v2\/comments?post=30411"}],"version-history":[{"count":2,"href":"https:\/\/www.forum-soegel.de\/information\/wp-json\/wp\/v2\/posts\/30411\/revisions"}],"predecessor-version":[{"id":30415,"href":"https:\/\/www.forum-soegel.de\/information\/wp-json\/wp\/v2\/posts\/30411\/revisions\/30415"}],"wp:attachment":[{"href":"https:\/\/www.forum-soegel.de\/information\/wp-json\/wp\/v2\/media?parent=30411"}],"wp:term":[{"taxonomy":"category","embeddable":true,"href":"https:\/\/www.forum-soegel.de\/information\/wp-json\/wp\/v2\/categories?post=30411"},{"taxonomy":"post_tag","embeddable":true,"href":"https:\/\/www.forum-soegel.de\/information\/wp-json\/wp\/v2\/tags?post=30411"}],"curies":[{"name":"wp","href":"https:\/\/api.w.org\/{rel}","templated":true}]}}