{"id":30408,"date":"2021-03-02T11:47:15","date_gmt":"2021-03-02T10:47:15","guid":{"rendered":"https:\/\/www.forum-soegel.de\/information\/?p=30408"},"modified":"2021-03-02T11:47:16","modified_gmt":"2021-03-02T10:47:16","slug":"umstellung-der-strassenbeleuchtung-auf-led-technik","status":"publish","type":"post","link":"https:\/\/www.forum-soegel.de\/information\/2021\/03\/umstellung-der-strassenbeleuchtung-auf-led-technik\/","title":{"rendered":"Umstellung der Stra\u00dfenbeleuchtung auf LED-Technik"},"content":{"rendered":"\n<p>S\u00f6gel &#8211; Die Umstellung der Stra\u00dfenbeleuchtung in der Gemeinde S\u00f6gel auf LED-Technik schreitet weiter voran. Seit dem Jahr 2012 r\u00fcstet die Gemeinde S\u00f6gel die Stra\u00dfenbeleuchtung Schritt f\u00fcr Schritt auf energiesparende LED-Lampen um.&nbsp; Inzwischen ist der f\u00fcnfte Bauabschnitt abgeschlossen worden. Bei insgesamt 65 Stra\u00dfenlaternen im \u00f6stlichen Gemeindegebiet (Stra\u00dfen \u201eIm Eickel\u201c, \u201eSchlossallee\u201c und \u201eSchlaunallee\u201c) wurde die Beleuchtung erneuert und durch neue LED Leuchtk\u00f6pfe ersetzt. Damit wird eine Stromeinsparung von ca. 86,20 Prozent herbeigef\u00fchrt (von 5,8 kW auf 1,6kW). Die CO2-Einsparung der neuen LED-Technik wird in deren zu erwartenden Lebensdauer etwa 113 Tonnen betragen. Die Ma\u00dfnahme wird gef\u00f6rdert vom Bundesministerium f\u00fcr Umwelt, Naturschutz, Bau und Reaktorsicherheit aufgrund eines Beschlusses des Deutschen Bundestages.<\/p>\n\n\n\n<p>Text: Ingrid Cloppenburg<\/p>\n\n\n\n<p>Foto: Gemeinde S\u00f6gel<\/p>\n\n\n\n<figure class=\"wp-block-gallery columns-1 is-cropped wp-block-gallery-1 is-layout-flex wp-block-gallery-is-layout-flex\"><ul class=\"blocks-gallery-grid\"><li class=\"blocks-gallery-item\"><figure><a href=\"https:\/\/www.forum-soegel.de\/information\/wp-content\/uploads\/2021\/03\/Umstellung-der-Strassenbeleuchtung-auf-LED-Technik-1.jpg\"><img loading=\"lazy\" decoding=\"async\" width=\"543\" height=\"768\" src=\"https:\/\/www.forum-soegel.de\/information\/wp-content\/uploads\/2021\/03\/Umstellung-der-Strassenbeleuchtung-auf-LED-Technik-1.jpg\" alt=\"\" data-id=\"30409\" data-full-url=\"https:\/\/www.forum-soegel.de\/information\/wp-content\/uploads\/2021\/03\/Umstellung-der-Strassenbeleuchtung-auf-LED-Technik-1.jpg\" data-link=\"https:\/\/www.forum-soegel.de\/information\/?attachment_id=30409\" class=\"wp-image-30409\" srcset=\"https:\/\/www.forum-soegel.de\/information\/wp-content\/uploads\/2021\/03\/Umstellung-der-Strassenbeleuchtung-auf-LED-Technik-1.jpg 543w, https:\/\/www.forum-soegel.de\/information\/wp-content\/uploads\/2021\/03\/Umstellung-der-Strassenbeleuchtung-auf-LED-Technik-1-212x300.jpg 212w\" sizes=\"auto, (max-width: 543px) 100vw, 543px\" \/><\/a><\/figure><\/li><\/ul><\/figure>\n","protected":false},"excerpt":{"rendered":"S\u00f6gel &#8211; Die Umstellung der Stra\u00dfenbeleuchtung in der Gemeinde S\u00f6gel auf LED-Technik schreitet weiter voran. Seit dem Jahr 2012 r\u00fcstet die Gemeinde S\u00f6gel die Stra\u00dfenbeleuchtung Schritt f\u00fcr Schritt auf energiesparende LED-Lampen um.&nbsp; Inzwischen ist der f\u00fcnfte Bauabschnitt abgeschlossen worden. Bei insgesamt 65 Stra\u00dfenlaternen im \u00f6stlichen Gemeindegebiet (Stra\u00dfen \u201eIm Eickel\u201c, \u201eSchlossallee\u201c und \u201eSchlaunallee\u201c) wurde die Beleuchtung [&hellip;]\n","protected":false},"author":2,"featured_media":0,"comment_status":"closed","ping_status":"closed","sticky":false,"template":"","format":"standard","meta":{"ngg_post_thumbnail":0,"footnotes":""},"categories":[3],"tags":[],"class_list":["post-30408","post","type-post","status-publish","format-standard","hentry","category-aktuelles-aus-der-region"],"_links":{"self":[{"href":"https:\/\/www.forum-soegel.de\/information\/wp-json\/wp\/v2\/posts\/30408","targetHints":{"allow":["GET"]}}],"collection":[{"href":"https:\/\/www.forum-soegel.de\/information\/wp-json\/wp\/v2\/posts"}],"about":[{"href":"https:\/\/www.forum-soegel.de\/information\/wp-json\/wp\/v2\/types\/post"}],"author":[{"embeddable":true,"href":"https:\/\/www.forum-soegel.de\/information\/wp-json\/wp\/v2\/users\/2"}],"replies":[{"embeddable":true,"href":"https:\/\/www.forum-soegel.de\/information\/wp-json\/wp\/v2\/comments?post=30408"}],"version-history":[{"count":1,"href":"https:\/\/www.forum-soegel.de\/information\/wp-json\/wp\/v2\/posts\/30408\/revisions"}],"predecessor-version":[{"id":30410,"href":"https:\/\/www.forum-soegel.de\/information\/wp-json\/wp\/v2\/posts\/30408\/revisions\/30410"}],"wp:attachment":[{"href":"https:\/\/www.forum-soegel.de\/information\/wp-json\/wp\/v2\/media?parent=30408"}],"wp:term":[{"taxonomy":"category","embeddable":true,"href":"https:\/\/www.forum-soegel.de\/information\/wp-json\/wp\/v2\/categories?post=30408"},{"taxonomy":"post_tag","embeddable":true,"href":"https:\/\/www.forum-soegel.de\/information\/wp-json\/wp\/v2\/tags?post=30408"}],"curies":[{"name":"wp","href":"https:\/\/api.w.org\/{rel}","templated":true}]}}