{"id":30406,"date":"2021-03-02T11:45:37","date_gmt":"2021-03-02T10:45:37","guid":{"rendered":"https:\/\/www.forum-soegel.de\/information\/?p=30406"},"modified":"2021-03-02T17:22:33","modified_gmt":"2021-03-02T16:22:33","slug":"soegel-summt-vorfreude-auf-den-fruehling-und-den-sommer","status":"publish","type":"post","link":"https:\/\/www.forum-soegel.de\/information\/2021\/03\/soegel-summt-vorfreude-auf-den-fruehling-und-den-sommer\/","title":{"rendered":"S\u00f6gel summt &#8211; \u201eVorfreude auf den Fr\u00fchling und den Sommer\u201c"},"content":{"rendered":"\n<div class=\"wp-block-image\"><figure class=\"alignleft size-large is-resized\"><a href=\"https:\/\/www.forum-soegel.de\/information\/wp-content\/uploads\/2021\/03\/biene_neu.jpg\"><img loading=\"lazy\" decoding=\"async\" src=\"https:\/\/www.forum-soegel.de\/information\/wp-content\/uploads\/2021\/03\/biene_neu.jpg\" alt=\"\" class=\"wp-image-30504\" width=\"203\" height=\"152\" srcset=\"https:\/\/www.forum-soegel.de\/information\/wp-content\/uploads\/2021\/03\/biene_neu.jpg 960w, https:\/\/www.forum-soegel.de\/information\/wp-content\/uploads\/2021\/03\/biene_neu-300x225.jpg 300w, https:\/\/www.forum-soegel.de\/information\/wp-content\/uploads\/2021\/03\/biene_neu-768x576.jpg 768w\" sizes=\"auto, (max-width: 203px) 100vw, 203px\" \/><\/a><\/figure><\/div>\n\n\n\n<p>S\u00f6gel &#8211; Im M\u00e4rz naht der Fr\u00fchling und somit auch die Gartenarbeiten in der neuen Saison. Der richtige Zeitpunkt f\u00fcr den Gartenstart h\u00e4ngt allerdings vom regionalen Klima ab. Bei frostfreiem Wetter k\u00f6nnen Beete f\u00fcr Neupflanzungen vorbereitet werden. Doch erst einmal beginnt man damit, den Garten aufzur\u00e4umen. Dazu zun\u00e4chst den Boden gr\u00fcndlich und tief lockern und Unkraut sorgf\u00e4ltig entfernen. Wurzeln k\u00f6nnen sich in gut gelockertem Boden optimal entwickeln, denn das Gie\u00dfwasser kann bis tief zur Wurzeln\u00e4he durchdringen. Samen und Pflanzen zun\u00e4chst noch nicht einsetzen, lieber darauf warten, bis sich der Boden etwas gesetzt hat.<\/p>\n\n\n\n<p>Das Gras im Garten sollte von Laubresten, Baumfr\u00fcchten und abgefallenen Zweigen befreit werden. D\u00fcrre \u00c4ste und vertrocknete Stauden sollten kr\u00e4ftig zur\u00fcckgeschnitten werden. Tipp: Falls im M\u00e4rz noch einmal Frost droht, decken Sie am besten die Beete nachts mit einer Folie oder mit Vlies ab.<\/p>\n\n\n\n<p>Sobald der Boden vorbereitet ist, k\u00f6nnen Sie im Garten robuste einj\u00e4hrige Blumen auss\u00e4en, zum Beispiel Ringelblume, Borretsch, Wilde M\u00f6hre, Jungfer im Gr\u00fcnen, Gew\u00fcrztagetes, Kornblume, Schmuckk\u00f6rbchen, Kapuzinerkresse oder L\u00f6wenm\u00e4ulchen. Die Blumen nach der Aussaat ausreichend feucht halten. An besonders milden Tagen d\u00fcrfen auch schon Stauden und zweij\u00e4hrige Blumen gepflanzt werden. \u00c4ltere Stauden lassen sich zu diesem Zeitpunkt sehr gut teilen oder umpflanzen. Anschlie\u00dfend ist Kompost oder D\u00fcnger auf die Pflanzfl\u00e4che aufzubringen.<\/p>\n\n\n\n<p>Viele bl\u00fchende Pflanzen sind im Sommer Insektenmagnete, wie beispielsweise die Sonnenblume. Diese geh\u00f6rt zu den einj\u00e4hrigen Sommerblumen, die man auch aus den eigenen Samen ziehen kann. Also ist es ratsam, im Herbst dran zu denken und die ausgereiften Samen zu trocken und gut bel\u00fcftet zu lagern. Nebenbei sind die Samen auch ein hervorragendes Vogelfutter f\u00fcr den Winter!<\/p>\n\n\n\n<p>Projektleiterin von \u201eS\u00f6gel summt\u201c Maria Dierkes empfiehlt:<\/p>\n\n\n\n<p>\u201eBeim Musterbeet des Rathauses, welches bereits im letzten Jahr angelegt wurde, wird es in diesem Jahr schon sichtbar: Storchschnabel (Staude), sehr verlockend f\u00fcr Mensch und Insekt durch die langanhaltende Bl\u00fcte und als Fr\u00fchlingsboten Narzissen mit Blaustern, Akelei und Elfenblumen.\u201c Au\u00dferdem verweist Dierkes auf \u201eInsektenhungrige Stauden\u201c wie Kugeldistel, Sonnenhut, Scheinsonnenhut, Sonnenbraut, Gamander, Fetthenne, Astern, Kr\u00e4uter wie Thymian und Oregano, die sich allesamt z\u00fcgig in ihrer vollen Pracht zeigen.<\/p>\n\n\n\n<p>Weiter empfiehlt Dierkes folgende Pflanzen:<\/p>\n\n\n\n<p>Zweij\u00e4hrige: Goldlack, Fingerhut, Vergissmeinnicht, Nachtkerze, Stockrose (ungef\u00fcllt)<\/p>\n\n\n\n<p>Halbstr\u00e4ucher: Gamander, Lavendel, Schneeheide<\/p>\n\n\n\n<p>Kletterpflanzen: Wilder Wein, einfachbl\u00fchende Clematis, Efeu (hier lebt z. B. die Efeusandbiene. Sie ist zum \u00dcberleben auf Efeu angewiesen. Deshalb das Efeu ruhig alt werden lassen, da nur alte Pflanzen bl\u00fchen!)<\/p>\n\n\n\n<p>Str\u00e4ucher\/B\u00e4ume: Schlehe, Kornelkirsche, Pfaffenh\u00fctchen, Wei\u00dfdorn, Holunder<\/p>\n\n\n\n<p>Als Insekten tummeln sich dann z. B. Honigbiene, Wildbienen, wie die Gartenhummel, Schwebfliegen, Tagfalter und Nachtfalter in den G\u00e4rten.<\/p>\n\n\n\n<p>Text: Maria Dierkes, Gemeinde S\u00f6gel<\/p>\n\n\n\n<p><\/p>\n","protected":false},"excerpt":{"rendered":"S\u00f6gel &#8211; Im M\u00e4rz naht der Fr\u00fchling und somit auch die Gartenarbeiten in der neuen Saison. Der richtige Zeitpunkt f\u00fcr den Gartenstart h\u00e4ngt allerdings vom regionalen Klima ab. Bei frostfreiem Wetter k\u00f6nnen Beete f\u00fcr Neupflanzungen vorbereitet werden. Doch erst einmal beginnt man damit, den Garten aufzur\u00e4umen. Dazu zun\u00e4chst den Boden gr\u00fcndlich und tief lockern und [&hellip;]\n","protected":false},"author":2,"featured_media":0,"comment_status":"closed","ping_status":"closed","sticky":false,"template":"","format":"standard","meta":{"ngg_post_thumbnail":0,"footnotes":""},"categories":[3],"tags":[],"class_list":["post-30406","post","type-post","status-publish","format-standard","hentry","category-aktuelles-aus-der-region"],"_links":{"self":[{"href":"https:\/\/www.forum-soegel.de\/information\/wp-json\/wp\/v2\/posts\/30406","targetHints":{"allow":["GET"]}}],"collection":[{"href":"https:\/\/www.forum-soegel.de\/information\/wp-json\/wp\/v2\/posts"}],"about":[{"href":"https:\/\/www.forum-soegel.de\/information\/wp-json\/wp\/v2\/types\/post"}],"author":[{"embeddable":true,"href":"https:\/\/www.forum-soegel.de\/information\/wp-json\/wp\/v2\/users\/2"}],"replies":[{"embeddable":true,"href":"https:\/\/www.forum-soegel.de\/information\/wp-json\/wp\/v2\/comments?post=30406"}],"version-history":[{"count":3,"href":"https:\/\/www.forum-soegel.de\/information\/wp-json\/wp\/v2\/posts\/30406\/revisions"}],"predecessor-version":[{"id":30506,"href":"https:\/\/www.forum-soegel.de\/information\/wp-json\/wp\/v2\/posts\/30406\/revisions\/30506"}],"wp:attachment":[{"href":"https:\/\/www.forum-soegel.de\/information\/wp-json\/wp\/v2\/media?parent=30406"}],"wp:term":[{"taxonomy":"category","embeddable":true,"href":"https:\/\/www.forum-soegel.de\/information\/wp-json\/wp\/v2\/categories?post=30406"},{"taxonomy":"post_tag","embeddable":true,"href":"https:\/\/www.forum-soegel.de\/information\/wp-json\/wp\/v2\/tags?post=30406"}],"curies":[{"name":"wp","href":"https:\/\/api.w.org\/{rel}","templated":true}]}}