{"id":30403,"date":"2021-03-02T11:42:44","date_gmt":"2021-03-02T10:42:44","guid":{"rendered":"https:\/\/www.forum-soegel.de\/information\/?p=30403"},"modified":"2021-03-02T11:42:45","modified_gmt":"2021-03-02T10:42:45","slug":"sanierung-des-alleesterns","status":"publish","type":"post","link":"https:\/\/www.forum-soegel.de\/information\/2021\/03\/sanierung-des-alleesterns\/","title":{"rendered":"Sanierung des Alleesterns"},"content":{"rendered":"\n<p><strong>Kaiserlinden im Wachstum gest\u00f6rt \u2013 F\u00e4llaktion<\/strong><\/p>\n\n\n\n<p>S\u00f6gel &#8211; Der Landkreis Emsland plant f\u00fcr Ende Januar\/Anfang Februar etwa 30 B\u00e4ume zu entfernen, die wegen ihrer Gr\u00f6\u00dfe und ihres Standortes unmittelbar an den Alleen des Schlosses Clemenswert in S\u00f6gel die eigens zur Verj\u00fcngung der Alleen gepflanzten Kaiserlinden im Wachstum beeintr\u00e4chtigen.<\/p>\n\n\n\n<p>Darunter befindet sich die Horstische Allee, die im Winter 2000 bzw. Fr\u00fchjahr 2001 vollst\u00e4ndig erneuert worden war. Damals war der alte abg\u00e4ngige Baumbestand durch insgesamt 144 Kaiserlinden ersetzt worden. Des Weiteren betreffen die jetzt bevorstehenden Arbeiten die Alleen nach Hasel\u00fcnne, Stavern, Werlte und Werpeloh.<\/p>\n\n\n\n<p>Weiterhin wurde festgestellt, dass eine alte Eiche an der Hauptallee aus Gr\u00fcnden der Verkehrssicherung beseitigt werden muss. Diese notwendige Ma\u00dfnahme soll im Rahmen der F\u00e4llaktion ebenfalls durchgef\u00fchrt werden.<\/p>\n\n\n\n<p>Die acht Lindenalleen, jede zweite doppelreihig angelegt, f\u00fchren zum Mittelpunkt der barocken Anlage, dem Jagdschloss. In einem 10-Jahres-Programm war ab dem Jahr 2000 der Alleestern rund ums Schloss saniert und erneuert worden. Insgesamt rund 400 Kaiserlinden waren daf\u00fcr 2001 vom Landkreis Emsland angeschafft worden. In regelm\u00e4\u00dfigen Abst\u00e4nden werden die Alleen kontrolliert und erforderliche Ma\u00dfnahmen durchgef\u00fchrt. Die aktuelle Gesamtma\u00dfnahme erfolgt in enger Abstimmung mit dem Nieders\u00e4chsischen Landesamt f\u00fcr Denkmalpflege sowie unter Beteiligung der Nieders\u00e4chsischen Landesforsten.<\/p>\n\n\n\n<p>Text\/Foto: Ingrid Cloppenburg<\/p>\n\n\n\n<figure class=\"wp-block-gallery columns-1 is-cropped wp-block-gallery-1 is-layout-flex wp-block-gallery-is-layout-flex\"><ul class=\"blocks-gallery-grid\"><li class=\"blocks-gallery-item\"><figure><a href=\"https:\/\/www.forum-soegel.de\/information\/wp-content\/uploads\/2021\/03\/Sanierung-des-Alleesterns-1.png\"><img loading=\"lazy\" decoding=\"async\" width=\"1024\" height=\"536\" src=\"https:\/\/www.forum-soegel.de\/information\/wp-content\/uploads\/2021\/03\/Sanierung-des-Alleesterns-1.png\" alt=\"\" data-id=\"30404\" data-full-url=\"https:\/\/www.forum-soegel.de\/information\/wp-content\/uploads\/2021\/03\/Sanierung-des-Alleesterns-1.png\" data-link=\"https:\/\/www.forum-soegel.de\/information\/?attachment_id=30404\" class=\"wp-image-30404\" srcset=\"https:\/\/www.forum-soegel.de\/information\/wp-content\/uploads\/2021\/03\/Sanierung-des-Alleesterns-1.png 1024w, https:\/\/www.forum-soegel.de\/information\/wp-content\/uploads\/2021\/03\/Sanierung-des-Alleesterns-1-300x157.png 300w, https:\/\/www.forum-soegel.de\/information\/wp-content\/uploads\/2021\/03\/Sanierung-des-Alleesterns-1-768x402.png 768w\" sizes=\"auto, (max-width: 1024px) 100vw, 1024px\" \/><\/a><\/figure><\/li><\/ul><\/figure>\n","protected":false},"excerpt":{"rendered":"Kaiserlinden im Wachstum gest\u00f6rt \u2013 F\u00e4llaktion S\u00f6gel &#8211; Der Landkreis Emsland plant f\u00fcr Ende Januar\/Anfang Februar etwa 30 B\u00e4ume zu entfernen, die wegen ihrer Gr\u00f6\u00dfe und ihres Standortes unmittelbar an den Alleen des Schlosses Clemenswert in S\u00f6gel die eigens zur Verj\u00fcngung der Alleen gepflanzten Kaiserlinden im Wachstum beeintr\u00e4chtigen. Darunter befindet sich die Horstische Allee, die [&hellip;]\n","protected":false},"author":2,"featured_media":0,"comment_status":"closed","ping_status":"closed","sticky":false,"template":"","format":"standard","meta":{"ngg_post_thumbnail":0,"footnotes":""},"categories":[3],"tags":[],"class_list":["post-30403","post","type-post","status-publish","format-standard","hentry","category-aktuelles-aus-der-region"],"_links":{"self":[{"href":"https:\/\/www.forum-soegel.de\/information\/wp-json\/wp\/v2\/posts\/30403","targetHints":{"allow":["GET"]}}],"collection":[{"href":"https:\/\/www.forum-soegel.de\/information\/wp-json\/wp\/v2\/posts"}],"about":[{"href":"https:\/\/www.forum-soegel.de\/information\/wp-json\/wp\/v2\/types\/post"}],"author":[{"embeddable":true,"href":"https:\/\/www.forum-soegel.de\/information\/wp-json\/wp\/v2\/users\/2"}],"replies":[{"embeddable":true,"href":"https:\/\/www.forum-soegel.de\/information\/wp-json\/wp\/v2\/comments?post=30403"}],"version-history":[{"count":1,"href":"https:\/\/www.forum-soegel.de\/information\/wp-json\/wp\/v2\/posts\/30403\/revisions"}],"predecessor-version":[{"id":30405,"href":"https:\/\/www.forum-soegel.de\/information\/wp-json\/wp\/v2\/posts\/30403\/revisions\/30405"}],"wp:attachment":[{"href":"https:\/\/www.forum-soegel.de\/information\/wp-json\/wp\/v2\/media?parent=30403"}],"wp:term":[{"taxonomy":"category","embeddable":true,"href":"https:\/\/www.forum-soegel.de\/information\/wp-json\/wp\/v2\/categories?post=30403"},{"taxonomy":"post_tag","embeddable":true,"href":"https:\/\/www.forum-soegel.de\/information\/wp-json\/wp\/v2\/tags?post=30403"}],"curies":[{"name":"wp","href":"https:\/\/api.w.org\/{rel}","templated":true}]}}