{"id":30400,"date":"2021-03-02T11:41:31","date_gmt":"2021-03-02T10:41:31","guid":{"rendered":"https:\/\/www.forum-soegel.de\/information\/?p=30400"},"modified":"2021-03-02T11:41:32","modified_gmt":"2021-03-02T10:41:32","slug":"nistkaesten-fuer-die-voegel-gegen-eichenprozessionsspinner","status":"publish","type":"post","link":"https:\/\/www.forum-soegel.de\/information\/2021\/03\/nistkaesten-fuer-die-voegel-gegen-eichenprozessionsspinner\/","title":{"rendered":"Nistk\u00e4sten f\u00fcr die V\u00f6gel gegen Eichenprozessionsspinner"},"content":{"rendered":"\n<p>S\u00f6gel &#8211; Der SPD-Ortsverein macht sich stark f\u00fcr die F\u00f6rderung des Vogelbestandes und gleichzeitig die Bek\u00e4mpfung des Eichenprozessionsspinners. Die Partei bietet der S\u00f6geler Bev\u00f6lkerung Nistk\u00e4sten gegen eine Spende an, um vor allem Meisen ein Heim zu bieten. Interessierte k\u00f6nnen sich direkt bei dem Ortsverein melden.<\/p>\n\n\n\n<p>Im Kampf gegen den Eichenprozessionsspinner sieht die SPD S\u00f6gel den Einsatz von Bioziden sehr kritisch. \u201eBiozide greifen leider nicht nur den Eichenprozessionsspinner, sondern auch andere Insekten und die umliegende Natur an. Hier m\u00fcssen wir auch nach Alternativen suchen\u201c, so der Ortsvereinsvorsitzende Lars Bollmann.<\/p>\n\n\n\n<p>Neben dem bew\u00e4hrten Absaugen der Raupen, setzen sich die Sozialdemokraten f\u00fcr eine v\u00f6llig nat\u00fcrliche L\u00f6sung ein: die heimischen Singv\u00f6gel. \u201eDurch das Anbringen von Nistk\u00e4sten bringen wir den nat\u00fcrlichen Fressfeind in die Nachbarschaft des Eichenprozessionsspinners und verringern so seine Population. Diese Methode hat schon vielerorts zu guten Erfolgen gef\u00fchrt\u201c, erkl\u00e4rt der stellvertretende Vorsitzende Anno Immenga. Wer die Nistk\u00e4sten aufh\u00e4ngt, sollte einiges ber\u00fccksichtigen. \u201eDie K\u00e4sten sollten in drei bis vier Metern H\u00f6he mit S\u00fcd-Ost-Ausrichtung aufgeh\u00e4ngt werden\u201c, erkl\u00e4rt Immenga. Wichtig sei dabei, dass dabei Alu-N\u00e4gel benutzt werden. \u201eEisenn\u00e4gel rosten und verf\u00e4rben das Holz.\u201c Nat\u00fcrlich kann jedermann die K\u00e4sten in seinem Garten aufh\u00e4ngen. \u201eWer sie in \u00f6ffentlichen B\u00e4umen aufh\u00e4ngen m\u00f6chte, sollte sich aber vorher bei der Gemeinde melden\u201c, erkl\u00e4rt Bollmann. Einzige Voraussetzung sei, dass der Aufh\u00e4nger sich verpflichte, die Nistk\u00e4sten im Winter zu reinigen. Die SPD wird 100 Nistk\u00e4sten-Baus\u00e4tze in der n\u00e4chsten Zeit der S\u00f6geler Bev\u00f6lkerung zur Verf\u00fcgung stellen. \u201eDie Grundschule und die S\u00f6geler Kinderg\u00e4rten wurden angeschrieben, damit die Kinder gemeinsam mit den Eltern Ihre Nistk\u00e4sten bauen und verzieren k\u00f6nnen\u201c, so Mitinitiator Ronald Br\u00e4utigam. Die Bilder der fertiggestellten K\u00e4sten k\u00f6nnen an den SPD-Ortsverein geschickt werden, denn es soll nach Aussage von Br\u00e4utigam auch der sch\u00f6nste Nistkasten sp\u00e4ter pr\u00e4miert werden. Bei Interesse k\u00f6nnen die Baus\u00e4tze gegen eine Spende direkt bei der SPD S\u00f6gel (info@spd-soegel.de) bestellt werden, erkl\u00e4rt der Ortsvereinsvorsitzende Bollmann. Der Reinerl\u00f6s der Aktion wird dem Verein \u201eBauchgef\u00fchl&#8220; sowie dem Gnadenhof \u201eMelief\u201c zu Gute kommen.<\/p>\n\n\n\n<p>Text: Ronald Br\u00e4utigam<\/p>\n\n\n\n<p>Foto: SPD S\u00f6gel<\/p>\n\n\n\n<figure class=\"wp-block-gallery columns-1 is-cropped wp-block-gallery-1 is-layout-flex wp-block-gallery-is-layout-flex\"><ul class=\"blocks-gallery-grid\"><li class=\"blocks-gallery-item\"><figure><a href=\"https:\/\/www.forum-soegel.de\/information\/wp-content\/uploads\/2021\/03\/Nistkaesten-fuer-die-Voegel-gegen-Eichenprozessionsspinner-1.jpg\"><img loading=\"lazy\" decoding=\"async\" width=\"860\" height=\"768\" src=\"https:\/\/www.forum-soegel.de\/information\/wp-content\/uploads\/2021\/03\/Nistkaesten-fuer-die-Voegel-gegen-Eichenprozessionsspinner-1.jpg\" alt=\"\" data-id=\"30401\" data-full-url=\"https:\/\/www.forum-soegel.de\/information\/wp-content\/uploads\/2021\/03\/Nistkaesten-fuer-die-Voegel-gegen-Eichenprozessionsspinner-1.jpg\" data-link=\"https:\/\/www.forum-soegel.de\/information\/?attachment_id=30401\" class=\"wp-image-30401\" srcset=\"https:\/\/www.forum-soegel.de\/information\/wp-content\/uploads\/2021\/03\/Nistkaesten-fuer-die-Voegel-gegen-Eichenprozessionsspinner-1.jpg 860w, https:\/\/www.forum-soegel.de\/information\/wp-content\/uploads\/2021\/03\/Nistkaesten-fuer-die-Voegel-gegen-Eichenprozessionsspinner-1-300x268.jpg 300w, https:\/\/www.forum-soegel.de\/information\/wp-content\/uploads\/2021\/03\/Nistkaesten-fuer-die-Voegel-gegen-Eichenprozessionsspinner-1-768x686.jpg 768w\" sizes=\"auto, (max-width: 860px) 100vw, 860px\" \/><\/a><\/figure><\/li><\/ul><figcaption class=\"blocks-gallery-caption\">(v. lks.) Lars Bollmann, Anno Immenga und Ronald Br\u00e4utigam hoffen, dass viele S\u00f6geler sich an der Nistkastenaktion beteiligen.<\/figcaption><\/figure>\n","protected":false},"excerpt":{"rendered":"S\u00f6gel &#8211; Der SPD-Ortsverein macht sich stark f\u00fcr die F\u00f6rderung des Vogelbestandes und gleichzeitig die Bek\u00e4mpfung des Eichenprozessionsspinners. Die Partei bietet der S\u00f6geler Bev\u00f6lkerung Nistk\u00e4sten gegen eine Spende an, um vor allem Meisen ein Heim zu bieten. Interessierte k\u00f6nnen sich direkt bei dem Ortsverein melden. Im Kampf gegen den Eichenprozessionsspinner sieht die SPD S\u00f6gel den [&hellip;]\n","protected":false},"author":2,"featured_media":0,"comment_status":"closed","ping_status":"closed","sticky":false,"template":"","format":"standard","meta":{"ngg_post_thumbnail":0,"footnotes":""},"categories":[3],"tags":[],"class_list":["post-30400","post","type-post","status-publish","format-standard","hentry","category-aktuelles-aus-der-region"],"_links":{"self":[{"href":"https:\/\/www.forum-soegel.de\/information\/wp-json\/wp\/v2\/posts\/30400","targetHints":{"allow":["GET"]}}],"collection":[{"href":"https:\/\/www.forum-soegel.de\/information\/wp-json\/wp\/v2\/posts"}],"about":[{"href":"https:\/\/www.forum-soegel.de\/information\/wp-json\/wp\/v2\/types\/post"}],"author":[{"embeddable":true,"href":"https:\/\/www.forum-soegel.de\/information\/wp-json\/wp\/v2\/users\/2"}],"replies":[{"embeddable":true,"href":"https:\/\/www.forum-soegel.de\/information\/wp-json\/wp\/v2\/comments?post=30400"}],"version-history":[{"count":1,"href":"https:\/\/www.forum-soegel.de\/information\/wp-json\/wp\/v2\/posts\/30400\/revisions"}],"predecessor-version":[{"id":30402,"href":"https:\/\/www.forum-soegel.de\/information\/wp-json\/wp\/v2\/posts\/30400\/revisions\/30402"}],"wp:attachment":[{"href":"https:\/\/www.forum-soegel.de\/information\/wp-json\/wp\/v2\/media?parent=30400"}],"wp:term":[{"taxonomy":"category","embeddable":true,"href":"https:\/\/www.forum-soegel.de\/information\/wp-json\/wp\/v2\/categories?post=30400"},{"taxonomy":"post_tag","embeddable":true,"href":"https:\/\/www.forum-soegel.de\/information\/wp-json\/wp\/v2\/tags?post=30400"}],"curies":[{"name":"wp","href":"https:\/\/api.w.org\/{rel}","templated":true}]}}