{"id":30397,"date":"2021-03-02T11:40:04","date_gmt":"2021-03-02T10:40:04","guid":{"rendered":"https:\/\/www.forum-soegel.de\/information\/?p=30397"},"modified":"2021-03-02T11:40:05","modified_gmt":"2021-03-02T10:40:05","slug":"freigabe-der-neuen-industriestrasse","status":"publish","type":"post","link":"https:\/\/www.forum-soegel.de\/information\/2021\/03\/freigabe-der-neuen-industriestrasse\/","title":{"rendered":"Freigabe der neuen Industriestra\u00dfe"},"content":{"rendered":"\n<p>S\u00f6gel &#8211; Auf einer L\u00e4nge von gut einem Kilometer ist eine neue Stra\u00dfe im Industriegebiet P\u00fcttkesberge in S\u00f6gel mit einer Anbindung an die Landesstra\u00dfe 54 fertiggestellt worden. Mit dem zeitgleichen Neubau einer Abbiegespur in die Landesstra\u00dfe 54 erhalten ansiedlungsinteressierte Unternehmen eine neue Anbindung in Richtung Europastra\u00dfe 233.<\/p>\n\n\n\n<p>Unmittelbar angrenzend an die neue Industriestra\u00dfe wird sich das Agrarunternehmen Agron ansiedeln. Aufgrund einer unerwarteten Erweiterungsm\u00f6glichkeit am bisherigen Stammsitz in S\u00f6gel h\u00e4lt das Unternehmen zwar an seinem Vorhaben fest, wird dieses aber in der Zeitschiene weiter nach hinten versetzen und \u00c4nderungen zu den bisherigen Pl\u00e4nen vornehmen. Der Fl\u00e4chenbedarf f\u00fcr den Futtermittelhersteller und Produzenten von Tiernahrung und Gartenartikeln, der an der neuen Industriestra\u00dfe einen weiteren Produktions- und Logistikstandort f\u00fcr Agrarprodukte plant, wird trotz der Expansion am Stammsitz rund f\u00fcnf Hektar betragen. F\u00fcr die weiteren Fl\u00e4chen liegen der Gemeinde Interessenbekundungen vor.<\/p>\n\n\n\n<p>Der Landkreis Emsland unterst\u00fctzt dabei die Gemeinde S\u00f6gel beim Gewerbefl\u00e4chenankauf sowie beim Bau der neuen Erschlie\u00dfungsstra\u00dfe mit mehr als einer halben Million Euro. Dazu Landrat Marc Andr\u00e9 Burgdorf: \u201eEs ist ein Kernanliegen des Landkreises Emsland, die Kommunen darin zu unterst\u00fctzen und zu f\u00f6rdern, Gewerbegebiete an den jeweiligen Standorten auszubauen. Dieses dezentrale Wirken st\u00e4rkt die einzelnen Kommunen und f\u00f6rdert die M\u00f6glichkeit, auf den entsprechenden Bedarf reagieren zu k\u00f6nnen.\u201c<\/p>\n\n\n\n<p>Auch der Wirtschaftsverband S\u00f6gel sieht in dem Ausbau der neuen Industriestra\u00dfe einen Gewinn f\u00fcr S\u00f6gel. So sagte Dirk Vagedes vom Vorstand des Wirtschaftsverbandes: \u201eMit dieser neuen Industriestra\u00dfe ist zugleich die M\u00f6glichkeit f\u00fcr weitere Gewerbeansiedlungen geschaffen worden. Das bringt die Wirtschaftskraft unserer Gemeinde voran!\u201c<\/p>\n\n\n\n<p>Ausf\u00fchrendes Unternehmen war die Firma Peters aus Vrees mit einem Auftragsvolumen von rund 650.000 Euro. Planung und Bauleitung lagen in den H\u00e4nden des Ingenieurb\u00fcros Honnigfort und Br\u00fcmmer aus Haren und S\u00f6gel.<\/p>\n\n\n\n<p>Bildunterschrift: Vertreter des Landkreises Emsland, der Nieders\u00e4chsischen Landesbeh\u00f6rde f\u00fcr Stra\u00dfenbau und Verkehr und die Landesstra\u00dfenmeisterei Meppen, des Wirtschaftsverbandes S\u00f6gel, des Planungsb\u00fcros, der Baufirma und Verwaltung und des Rates der Gemeinde S\u00f6gel haben in diesen Tagen die neue Industriestra\u00dfe im Gewerbegebiet \u201eP\u00fcttkesberge\u201c freigegeben.<\/p>\n\n\n\n<p>Text: Ingrid Cloppenburg<\/p>\n\n\n\n<p>Foto: Gemeinde S\u00f6gel<\/p>\n\n\n\n<figure class=\"wp-block-gallery columns-1 is-cropped wp-block-gallery-1 is-layout-flex wp-block-gallery-is-layout-flex\"><ul class=\"blocks-gallery-grid\"><li class=\"blocks-gallery-item\"><figure><a href=\"https:\/\/www.forum-soegel.de\/information\/wp-content\/uploads\/2021\/03\/Freigabe-der-neuen-Industriestrasse-1.jpg\"><img loading=\"lazy\" decoding=\"async\" width=\"1024\" height=\"768\" src=\"https:\/\/www.forum-soegel.de\/information\/wp-content\/uploads\/2021\/03\/Freigabe-der-neuen-Industriestrasse-1.jpg\" alt=\"\" data-id=\"30398\" data-full-url=\"https:\/\/www.forum-soegel.de\/information\/wp-content\/uploads\/2021\/03\/Freigabe-der-neuen-Industriestrasse-1.jpg\" data-link=\"https:\/\/www.forum-soegel.de\/information\/?attachment_id=30398\" class=\"wp-image-30398\" srcset=\"https:\/\/www.forum-soegel.de\/information\/wp-content\/uploads\/2021\/03\/Freigabe-der-neuen-Industriestrasse-1.jpg 1024w, https:\/\/www.forum-soegel.de\/information\/wp-content\/uploads\/2021\/03\/Freigabe-der-neuen-Industriestrasse-1-300x225.jpg 300w, https:\/\/www.forum-soegel.de\/information\/wp-content\/uploads\/2021\/03\/Freigabe-der-neuen-Industriestrasse-1-768x576.jpg 768w\" sizes=\"auto, (max-width: 1024px) 100vw, 1024px\" \/><\/a><\/figure><\/li><\/ul><\/figure>\n","protected":false},"excerpt":{"rendered":"S\u00f6gel &#8211; Auf einer L\u00e4nge von gut einem Kilometer ist eine neue Stra\u00dfe im Industriegebiet P\u00fcttkesberge in S\u00f6gel mit einer Anbindung an die Landesstra\u00dfe 54 fertiggestellt worden. Mit dem zeitgleichen Neubau einer Abbiegespur in die Landesstra\u00dfe 54 erhalten ansiedlungsinteressierte Unternehmen eine neue Anbindung in Richtung Europastra\u00dfe 233. Unmittelbar angrenzend an die neue Industriestra\u00dfe wird sich [&hellip;]\n","protected":false},"author":2,"featured_media":0,"comment_status":"closed","ping_status":"closed","sticky":false,"template":"","format":"standard","meta":{"ngg_post_thumbnail":0,"footnotes":""},"categories":[3],"tags":[],"class_list":["post-30397","post","type-post","status-publish","format-standard","hentry","category-aktuelles-aus-der-region"],"_links":{"self":[{"href":"https:\/\/www.forum-soegel.de\/information\/wp-json\/wp\/v2\/posts\/30397","targetHints":{"allow":["GET"]}}],"collection":[{"href":"https:\/\/www.forum-soegel.de\/information\/wp-json\/wp\/v2\/posts"}],"about":[{"href":"https:\/\/www.forum-soegel.de\/information\/wp-json\/wp\/v2\/types\/post"}],"author":[{"embeddable":true,"href":"https:\/\/www.forum-soegel.de\/information\/wp-json\/wp\/v2\/users\/2"}],"replies":[{"embeddable":true,"href":"https:\/\/www.forum-soegel.de\/information\/wp-json\/wp\/v2\/comments?post=30397"}],"version-history":[{"count":1,"href":"https:\/\/www.forum-soegel.de\/information\/wp-json\/wp\/v2\/posts\/30397\/revisions"}],"predecessor-version":[{"id":30399,"href":"https:\/\/www.forum-soegel.de\/information\/wp-json\/wp\/v2\/posts\/30397\/revisions\/30399"}],"wp:attachment":[{"href":"https:\/\/www.forum-soegel.de\/information\/wp-json\/wp\/v2\/media?parent=30397"}],"wp:term":[{"taxonomy":"category","embeddable":true,"href":"https:\/\/www.forum-soegel.de\/information\/wp-json\/wp\/v2\/categories?post=30397"},{"taxonomy":"post_tag","embeddable":true,"href":"https:\/\/www.forum-soegel.de\/information\/wp-json\/wp\/v2\/tags?post=30397"}],"curies":[{"name":"wp","href":"https:\/\/api.w.org\/{rel}","templated":true}]}}