{"id":30394,"date":"2021-03-02T11:38:52","date_gmt":"2021-03-02T10:38:52","guid":{"rendered":"https:\/\/www.forum-soegel.de\/information\/?p=30394"},"modified":"2021-03-02T11:38:53","modified_gmt":"2021-03-02T10:38:53","slug":"drk-tagespflege-gratuliert-zum-95-geburtstag","status":"publish","type":"post","link":"https:\/\/www.forum-soegel.de\/information\/2021\/03\/drk-tagespflege-gratuliert-zum-95-geburtstag\/","title":{"rendered":"DRK-Tagespflege gratuliert zum 95. Geburtstag"},"content":{"rendered":"\n<p>S\u00f6gel &#8211; Mit vielen lieben Gl\u00fcckw\u00fcnschen bekam Frau Ventsch von der DRK-Tagespflege einen bunten Blumenstrau\u00df zu ihrem 95. Geburtstag, den die Leitung Anita Kuhl ihr \u00fcberreichte. Dazu wurde eine CD mit Geburtstagsliedern angeh\u00f6rt und kr\u00e4ftig mitgeklatscht, da derzeit Corona bedingt leider nicht gesungen werden darf.<\/p>\n\n\n\n<p>Frau Ventsch besucht seit drei Jahren gerne die DRK-Tagespflege in S\u00f6gel. Neben den dort angebotenen Gymnastik\u00fcbungen, mag sie besonders das Ged\u00e4chtnistraining und Gesellschaftsspiele.<\/p>\n\n\n\n<p>Zur Feier des Tages haben die Tagesg\u00e4ste und Mitarbeiter sich das Lieblingsessen von Frau Ventsch schmecken lassen &#8211; einen leckeren Eintopf.<\/p>\n\n\n\n<p>Text\/Foto: Ira Wilmes<\/p>\n\n\n\n<figure class=\"wp-block-gallery columns-1 is-cropped wp-block-gallery-1 is-layout-flex wp-block-gallery-is-layout-flex\"><ul class=\"blocks-gallery-grid\"><li class=\"blocks-gallery-item\"><figure><a href=\"https:\/\/www.forum-soegel.de\/information\/wp-content\/uploads\/2021\/03\/DRK-Tagespflege-gratuliert-zum-95.-Geburtstag-1.jpg\"><img loading=\"lazy\" decoding=\"async\" width=\"606\" height=\"768\" src=\"https:\/\/www.forum-soegel.de\/information\/wp-content\/uploads\/2021\/03\/DRK-Tagespflege-gratuliert-zum-95.-Geburtstag-1.jpg\" alt=\"\" data-id=\"30395\" data-full-url=\"https:\/\/www.forum-soegel.de\/information\/wp-content\/uploads\/2021\/03\/DRK-Tagespflege-gratuliert-zum-95.-Geburtstag-1.jpg\" data-link=\"https:\/\/www.forum-soegel.de\/information\/?attachment_id=30395\" class=\"wp-image-30395\" srcset=\"https:\/\/www.forum-soegel.de\/information\/wp-content\/uploads\/2021\/03\/DRK-Tagespflege-gratuliert-zum-95.-Geburtstag-1.jpg 606w, https:\/\/www.forum-soegel.de\/information\/wp-content\/uploads\/2021\/03\/DRK-Tagespflege-gratuliert-zum-95.-Geburtstag-1-237x300.jpg 237w\" sizes=\"auto, (max-width: 606px) 100vw, 606px\" \/><\/a><\/figure><\/li><\/ul><\/figure>\n","protected":false},"excerpt":{"rendered":"S\u00f6gel &#8211; Mit vielen lieben Gl\u00fcckw\u00fcnschen bekam Frau Ventsch von der DRK-Tagespflege einen bunten Blumenstrau\u00df zu ihrem 95. Geburtstag, den die Leitung Anita Kuhl ihr \u00fcberreichte. Dazu wurde eine CD mit Geburtstagsliedern angeh\u00f6rt und kr\u00e4ftig mitgeklatscht, da derzeit Corona bedingt leider nicht gesungen werden darf. Frau Ventsch besucht seit drei Jahren gerne die DRK-Tagespflege in [&hellip;]\n","protected":false},"author":2,"featured_media":0,"comment_status":"closed","ping_status":"closed","sticky":false,"template":"","format":"standard","meta":{"ngg_post_thumbnail":0,"footnotes":""},"categories":[3],"tags":[],"class_list":["post-30394","post","type-post","status-publish","format-standard","hentry","category-aktuelles-aus-der-region"],"_links":{"self":[{"href":"https:\/\/www.forum-soegel.de\/information\/wp-json\/wp\/v2\/posts\/30394","targetHints":{"allow":["GET"]}}],"collection":[{"href":"https:\/\/www.forum-soegel.de\/information\/wp-json\/wp\/v2\/posts"}],"about":[{"href":"https:\/\/www.forum-soegel.de\/information\/wp-json\/wp\/v2\/types\/post"}],"author":[{"embeddable":true,"href":"https:\/\/www.forum-soegel.de\/information\/wp-json\/wp\/v2\/users\/2"}],"replies":[{"embeddable":true,"href":"https:\/\/www.forum-soegel.de\/information\/wp-json\/wp\/v2\/comments?post=30394"}],"version-history":[{"count":1,"href":"https:\/\/www.forum-soegel.de\/information\/wp-json\/wp\/v2\/posts\/30394\/revisions"}],"predecessor-version":[{"id":30396,"href":"https:\/\/www.forum-soegel.de\/information\/wp-json\/wp\/v2\/posts\/30394\/revisions\/30396"}],"wp:attachment":[{"href":"https:\/\/www.forum-soegel.de\/information\/wp-json\/wp\/v2\/media?parent=30394"}],"wp:term":[{"taxonomy":"category","embeddable":true,"href":"https:\/\/www.forum-soegel.de\/information\/wp-json\/wp\/v2\/categories?post=30394"},{"taxonomy":"post_tag","embeddable":true,"href":"https:\/\/www.forum-soegel.de\/information\/wp-json\/wp\/v2\/tags?post=30394"}],"curies":[{"name":"wp","href":"https:\/\/api.w.org\/{rel}","templated":true}]}}