{"id":30391,"date":"2021-03-02T11:37:26","date_gmt":"2021-03-02T10:37:26","guid":{"rendered":"https:\/\/www.forum-soegel.de\/information\/?p=30391"},"modified":"2021-03-02T11:37:27","modified_gmt":"2021-03-02T10:37:27","slug":"cafe-besitzerin-wartet-auf-novemberhilfen","status":"publish","type":"post","link":"https:\/\/www.forum-soegel.de\/information\/2021\/03\/cafe-besitzerin-wartet-auf-novemberhilfen\/","title":{"rendered":"Caf\u00e9-Besitzerin wartet auf Novemberhilfen"},"content":{"rendered":"\n<p><strong>CDU-SGB-Kandidat Niels Gepp hat ein offenes Ohr f\u00fcr die Sorgen<\/strong><\/p>\n\n\n\n<p>S\u00f6gel \u2013 Wie so viele andere wartet auch Annette Sewerin vom gleichnamigen Blumengesch\u00e4ft und insbesondere als Caf\u00e9besitzerin in S\u00f6gel auf die sogenannten \u201eNovemberhilfen\u201c. Ihre Situation schildert sie Niels Gepp vom CDU Ortsverband S\u00f6gel, zugleich CDU B\u00fcrgermeisterkandidat f\u00fcr die Samtgemeinde S\u00f6gel.<\/p>\n\n\n\n<p>F\u00fcr Annette Sewerin sind es harte Zeiten. Dabei kommt es ihr noch zugute, dass sie vier Standbeine hat, mit denen sie ihr Einkommen generieren kann. Direkt neben ihrem Blumengesch\u00e4ft an der M\u00fchlenstra\u00dfe befindet sich ihr Bistro \u201eZum Amtsbrunnen\u201c. Ein weiteres Blumengesch\u00e4ft betreibt sie in Spahnharrenst\u00e4tte. Au\u00dferdem hat sie am Produktionsstandort an der Ber\u00dfener Stra\u00dfe in S\u00f6gel ausreichend Fl\u00e4chen, um den Eigenbedarf an Sommer- und Fr\u00fchlingsbl\u00fcher sowie Stauden und Beetpflanzen zu decken. Die Blumenl\u00e4den und das Caf\u00e9 sind nun aufgrund des Lockdowns geschlossen; erschwerend kommt hinzu, dass die Hauptstra\u00dfe durch Spahnharrenst\u00e4tte im vergangenen Jahr gr\u00f6\u00dftenteils gesperrt war und die Einnahmen sich schon alleine aufgrund dieser Tatsache reduziert hatten. \u201eVon l\u00e4ngeren Anfahrtswegen \u00fcber Werlte ganz zu schweigen\u201c, so Sewerin. \u201eIm Alltag sieht es dann manchmal so aus, dass ich jetzt wegen einer Blumenbestellung nach Spahnharrenst\u00e4tte fahre. Lohnen tut sich das nicht, ich m\u00f6chte aber meine Stammkundschaft nicht verlieren\u201c, hofft sie auf bessere Zeiten. Ihre Mitarbeiterinnen hat sie inzwischen schweren Herzens in Kurzarbeit setzen m\u00fcssen. Um die Fachkr\u00e4fte zu halten, hat sie das Kurzarbeitergeld vollst\u00e4ndig aufgestockt, schon alleine aus der Verantwortung als Arbeitgeberin heraus, so Sewerin. \u201eDenn Fachkr\u00e4fte im Bereich der Floristik sind nach wie vor Mangelware.\u201c Derzeit erzielt sie Einnahmen alleinig aus dem Verkauf von bestellter Ware im Rahmen eines Abhol- und Lieferdienstes, sowohl im Blumengesch\u00e4ft als auch im Caf\u00e9.<\/p>\n\n\n\n<p>Dem CDU-Vertreter machten diese Aussagen betroffen. \u201eDas in der Corona-Pandemie eine Floristikmeisterin aus Leidenschaft ihrer Berufung nicht nachgehen darf und aufgrund der notwendigen Einschr\u00e4nkungen ihr Gesch\u00e4ft nicht aufrechterhalten kann, ist schmerzhaft.\u201c Wichtig sei nach Auffassung von Gepp, dass jetzt die \u00f6ffentlichen F\u00f6rdergelder zeitnah ausgezahlt werden. \u201eDa muss mehr Druck auf dem Kessel\u201c, sind sich beide einig. Ganz wichtig sei aber auch, dass die S\u00f6geler B\u00fcrger in diesen Zeiten zusammenhalten und Gesch\u00e4fte tatkr\u00e4ftig mit Eink\u00e4ufen unterst\u00fctzen, die ja auf Bestellung weiterhin noch m\u00f6glich sind, so Gepp. Heute gelte es mehr denn je, den pers\u00f6nlichen Bedarf vor Ort zu decken, anstatt irgendwo bei einem online-shop im Internet.<\/p>\n\n\n\n<p>Text: Ingrid Cloppenburg<\/p>\n\n\n\n<p>Foto: CDU Ortsverband S\u00f6gel<\/p>\n\n\n\n<figure class=\"wp-block-gallery columns-1 is-cropped wp-block-gallery-1 is-layout-flex wp-block-gallery-is-layout-flex\"><ul class=\"blocks-gallery-grid\"><li class=\"blocks-gallery-item\"><figure><a href=\"https:\/\/www.forum-soegel.de\/information\/wp-content\/uploads\/2021\/03\/Cafe-Besitzerin-wartet-auf-Novemberhilfen-1.jpg\"><img loading=\"lazy\" decoding=\"async\" width=\"1024\" height=\"768\" src=\"https:\/\/www.forum-soegel.de\/information\/wp-content\/uploads\/2021\/03\/Cafe-Besitzerin-wartet-auf-Novemberhilfen-1.jpg\" alt=\"\" data-id=\"30392\" data-full-url=\"https:\/\/www.forum-soegel.de\/information\/wp-content\/uploads\/2021\/03\/Cafe-Besitzerin-wartet-auf-Novemberhilfen-1.jpg\" data-link=\"https:\/\/www.forum-soegel.de\/information\/?attachment_id=30392\" class=\"wp-image-30392\" srcset=\"https:\/\/www.forum-soegel.de\/information\/wp-content\/uploads\/2021\/03\/Cafe-Besitzerin-wartet-auf-Novemberhilfen-1.jpg 1024w, https:\/\/www.forum-soegel.de\/information\/wp-content\/uploads\/2021\/03\/Cafe-Besitzerin-wartet-auf-Novemberhilfen-1-300x225.jpg 300w, https:\/\/www.forum-soegel.de\/information\/wp-content\/uploads\/2021\/03\/Cafe-Besitzerin-wartet-auf-Novemberhilfen-1-768x576.jpg 768w\" sizes=\"auto, (max-width: 1024px) 100vw, 1024px\" \/><\/a><\/figure><\/li><\/ul><figcaption class=\"blocks-gallery-caption\">Zwischen T\u00fcr und Angel im Gespr\u00e4ch: Caf\u00e9besitzerin Annette Sewerin und S\u00f6gels CDU Samtgemeindeb\u00fcrgermeisterkandidat Niels Gepp.<\/figcaption><\/figure>\n","protected":false},"excerpt":{"rendered":"CDU-SGB-Kandidat Niels Gepp hat ein offenes Ohr f\u00fcr die Sorgen S\u00f6gel \u2013 Wie so viele andere wartet auch Annette Sewerin vom gleichnamigen Blumengesch\u00e4ft und insbesondere als Caf\u00e9besitzerin in S\u00f6gel auf die sogenannten \u201eNovemberhilfen\u201c. Ihre Situation schildert sie Niels Gepp vom CDU Ortsverband S\u00f6gel, zugleich CDU B\u00fcrgermeisterkandidat f\u00fcr die Samtgemeinde S\u00f6gel. F\u00fcr Annette Sewerin sind es [&hellip;]\n","protected":false},"author":2,"featured_media":0,"comment_status":"closed","ping_status":"closed","sticky":false,"template":"","format":"standard","meta":{"ngg_post_thumbnail":0,"footnotes":""},"categories":[3],"tags":[],"class_list":["post-30391","post","type-post","status-publish","format-standard","hentry","category-aktuelles-aus-der-region"],"_links":{"self":[{"href":"https:\/\/www.forum-soegel.de\/information\/wp-json\/wp\/v2\/posts\/30391","targetHints":{"allow":["GET"]}}],"collection":[{"href":"https:\/\/www.forum-soegel.de\/information\/wp-json\/wp\/v2\/posts"}],"about":[{"href":"https:\/\/www.forum-soegel.de\/information\/wp-json\/wp\/v2\/types\/post"}],"author":[{"embeddable":true,"href":"https:\/\/www.forum-soegel.de\/information\/wp-json\/wp\/v2\/users\/2"}],"replies":[{"embeddable":true,"href":"https:\/\/www.forum-soegel.de\/information\/wp-json\/wp\/v2\/comments?post=30391"}],"version-history":[{"count":1,"href":"https:\/\/www.forum-soegel.de\/information\/wp-json\/wp\/v2\/posts\/30391\/revisions"}],"predecessor-version":[{"id":30393,"href":"https:\/\/www.forum-soegel.de\/information\/wp-json\/wp\/v2\/posts\/30391\/revisions\/30393"}],"wp:attachment":[{"href":"https:\/\/www.forum-soegel.de\/information\/wp-json\/wp\/v2\/media?parent=30391"}],"wp:term":[{"taxonomy":"category","embeddable":true,"href":"https:\/\/www.forum-soegel.de\/information\/wp-json\/wp\/v2\/categories?post=30391"},{"taxonomy":"post_tag","embeddable":true,"href":"https:\/\/www.forum-soegel.de\/information\/wp-json\/wp\/v2\/tags?post=30391"}],"curies":[{"name":"wp","href":"https:\/\/api.w.org\/{rel}","templated":true}]}}