{"id":30388,"date":"2021-03-02T11:35:57","date_gmt":"2021-03-02T10:35:57","guid":{"rendered":"https:\/\/www.forum-soegel.de\/information\/?p=30388"},"modified":"2021-03-02T11:35:58","modified_gmt":"2021-03-02T10:35:58","slug":"blutspende-jetzt-mit-terminreservierung-moeglich","status":"publish","type":"post","link":"https:\/\/www.forum-soegel.de\/information\/2021\/03\/blutspende-jetzt-mit-terminreservierung-moeglich\/","title":{"rendered":"Blutspende jetzt mit Terminreservierung m\u00f6glich"},"content":{"rendered":"\n<p><strong>Trotz Pandemie und Lockdown 155 Blutspender in Klein Ber\u00dfen<\/strong><\/p>\n\n\n\n<p>Klein Ber\u00dfen &#8211; Zum ersten Blutspendetermin in diesem Jahr hatte der DRK-Ortsverband Ber\u00dfen-Stavern-Apeldorn am 04.02.2021 in das B\u00fcrgerhaus in Klein Ber\u00dfen eingeladen. Mit 155 Spenden, wobei 11 Personen erstmals spendeten, wurde nahtlos an die Ergebnisse des Vorjahres angekn\u00fcpft. Mehrere Spender wurden von den Verantwortlichen geehrten.<\/p>\n\n\n\n<p>Erstmals konnten sich die Spender mit Terminreservierung \u00fcber die Homepage oder die Blutspende-App voranmelden. \u201eObwohl sich die M\u00f6glichkeit der Reservierung noch nicht so rumgesprochen hatte, haben \u00fcber 50 Spender dieses Angebot wahrgenommen,\u201c so Agnes Wester, Verantwortliche des Ortsverbandes. Einige Spender, die nicht reserviert hatten, warteten geduldig vor dem B\u00fcrgerhaus. \u201eDie Reservierung wird die Zukunft sein und wir gehen davon aus, dass dieses Angebot beim n\u00e4chsten Termin deutlich mehr in Anspruch genommen wird,\u201c so Agnes Wester.<\/p>\n\n\n\n<p>Nat\u00fcrlich wurden bei diesem Spendetermin alle Auflagen, die aufgrund des Lockdowns erlassen worden waren, eingehalten. Auch bei dieser Aktion verzichtete man, wie bereits gewohnt, auf einen gemeinsamen Imbiss. Alle Spender erhielten einen Gutschein, der bei den jeweiligen Dorfl\u00e4den der Orte Ber\u00dfen, Apeldorn und Stavern eingel\u00f6st werden konnte.<\/p>\n\n\n\n<p>Besonders geehrte wurde Leo D\u00fcing f\u00fcr seine 130ste und Johannes Meyer f\u00fcr seine 100ste Blutspende. Au\u00dferdem wurden Hedwig Reimann f\u00fcr 75, Herman Josef Eising, Doris Wilken und Martin Jansen f\u00fcr 25 Spenden geehrt.<\/p>\n\n\n\n<p>Text\/Foto: Gerd Rode<\/p>\n\n\n\n<figure class=\"wp-block-gallery columns-1 is-cropped wp-block-gallery-1 is-layout-flex wp-block-gallery-is-layout-flex\"><ul class=\"blocks-gallery-grid\"><li class=\"blocks-gallery-item\"><figure><a href=\"https:\/\/www.forum-soegel.de\/information\/wp-content\/uploads\/2021\/03\/Blutspende-jetzt-mit-Terminreservierung-moeglich.jpg\"><img loading=\"lazy\" decoding=\"async\" width=\"1024\" height=\"557\" src=\"https:\/\/www.forum-soegel.de\/information\/wp-content\/uploads\/2021\/03\/Blutspende-jetzt-mit-Terminreservierung-moeglich.jpg\" alt=\"\" data-id=\"30389\" data-full-url=\"https:\/\/www.forum-soegel.de\/information\/wp-content\/uploads\/2021\/03\/Blutspende-jetzt-mit-Terminreservierung-moeglich.jpg\" data-link=\"https:\/\/www.forum-soegel.de\/information\/?attachment_id=30389\" class=\"wp-image-30389\" srcset=\"https:\/\/www.forum-soegel.de\/information\/wp-content\/uploads\/2021\/03\/Blutspende-jetzt-mit-Terminreservierung-moeglich.jpg 1024w, https:\/\/www.forum-soegel.de\/information\/wp-content\/uploads\/2021\/03\/Blutspende-jetzt-mit-Terminreservierung-moeglich-300x163.jpg 300w, https:\/\/www.forum-soegel.de\/information\/wp-content\/uploads\/2021\/03\/Blutspende-jetzt-mit-Terminreservierung-moeglich-768x418.jpg 768w\" sizes=\"auto, (max-width: 1024px) 100vw, 1024px\" \/><\/a><\/figure><\/li><\/ul><figcaption class=\"blocks-gallery-caption\">von links: Hedwig Reimann, Agnes Wester (Ortsverband), Johannes Meyer und Josefa Kathmann (Ortsverband).<\/figcaption><\/figure>\n","protected":false},"excerpt":{"rendered":"Trotz Pandemie und Lockdown 155 Blutspender in Klein Ber\u00dfen Klein Ber\u00dfen &#8211; Zum ersten Blutspendetermin in diesem Jahr hatte der DRK-Ortsverband Ber\u00dfen-Stavern-Apeldorn am 04.02.2021 in das B\u00fcrgerhaus in Klein Ber\u00dfen eingeladen. Mit 155 Spenden, wobei 11 Personen erstmals spendeten, wurde nahtlos an die Ergebnisse des Vorjahres angekn\u00fcpft. Mehrere Spender wurden von den Verantwortlichen geehrten. Erstmals [&hellip;]\n","protected":false},"author":2,"featured_media":0,"comment_status":"closed","ping_status":"closed","sticky":false,"template":"","format":"standard","meta":{"ngg_post_thumbnail":0,"footnotes":""},"categories":[3],"tags":[],"class_list":["post-30388","post","type-post","status-publish","format-standard","hentry","category-aktuelles-aus-der-region"],"_links":{"self":[{"href":"https:\/\/www.forum-soegel.de\/information\/wp-json\/wp\/v2\/posts\/30388","targetHints":{"allow":["GET"]}}],"collection":[{"href":"https:\/\/www.forum-soegel.de\/information\/wp-json\/wp\/v2\/posts"}],"about":[{"href":"https:\/\/www.forum-soegel.de\/information\/wp-json\/wp\/v2\/types\/post"}],"author":[{"embeddable":true,"href":"https:\/\/www.forum-soegel.de\/information\/wp-json\/wp\/v2\/users\/2"}],"replies":[{"embeddable":true,"href":"https:\/\/www.forum-soegel.de\/information\/wp-json\/wp\/v2\/comments?post=30388"}],"version-history":[{"count":1,"href":"https:\/\/www.forum-soegel.de\/information\/wp-json\/wp\/v2\/posts\/30388\/revisions"}],"predecessor-version":[{"id":30390,"href":"https:\/\/www.forum-soegel.de\/information\/wp-json\/wp\/v2\/posts\/30388\/revisions\/30390"}],"wp:attachment":[{"href":"https:\/\/www.forum-soegel.de\/information\/wp-json\/wp\/v2\/media?parent=30388"}],"wp:term":[{"taxonomy":"category","embeddable":true,"href":"https:\/\/www.forum-soegel.de\/information\/wp-json\/wp\/v2\/categories?post=30388"},{"taxonomy":"post_tag","embeddable":true,"href":"https:\/\/www.forum-soegel.de\/information\/wp-json\/wp\/v2\/tags?post=30388"}],"curies":[{"name":"wp","href":"https:\/\/api.w.org\/{rel}","templated":true}]}}