{"id":30385,"date":"2021-03-02T11:34:26","date_gmt":"2021-03-02T10:34:26","guid":{"rendered":"https:\/\/www.forum-soegel.de\/information\/?p=30385"},"modified":"2021-03-02T11:34:27","modified_gmt":"2021-03-02T10:34:27","slug":"2-ausgabe-des-staverner-jahrbuchs-erschienen","status":"publish","type":"post","link":"https:\/\/www.forum-soegel.de\/information\/2021\/03\/2-ausgabe-des-staverner-jahrbuchs-erschienen\/","title":{"rendered":"2. Ausgabe des Staverner Jahrbuchs erschienen"},"content":{"rendered":"\n<p>Stavern &#8211; Mit 96 Seiten und \u00fcber 300 Fotos ist soeben das neue Staverner D\u00d6RPBLATT erschienen. In erster Linie wurden Begebenheiten aus dem Jahr 2020 in Wort und Bild zusammengefasst. Obwohl durch die Pandemie und die sich dadurch verf\u00fcgten Einschr\u00e4nkungen fast alle Veranstaltungen der \u00f6rtlichen Vereine abgesagt werden mussten, berichtet die Chronik \u00fcber ein sehr aktives Dorfleben. So haben die beiden Gastst\u00e4ttenbetreiber die Zeit genutzt und ihre Lokale sehr umfangreich saniert. In Interviews berichten sie \u00fcber die relativ schwere Zeit mit erheblichen finanziellen Einbu\u00dfen, die leider noch immer andauert und wo ein Ende noch nicht in Sicht ist. In einer neuen Rubrik \u201eStaverner Geschichte\u201c werden zwei Staverner Originale, der \u201eWettermann\u201c Heinrich Hermes und der \u201eUtr\u00f6per\u201c August Schrand, der in seiner \u201eDienstzeit\u201c als Gemeindediener sechs B\u00fcrgermeister unterst\u00fctzt hat, vorgestellt.<\/p>\n\n\n\n<p>Das D\u00f6rpblatt kann f\u00fcr 3 Euro im Staverner Dorfladen und von den Mitgliedern des Arbeitskreises erworben werden.<\/p>\n\n\n\n<p>Die Unterlagen f\u00fcr das aktuelle Jahrbuch sind abgeheftet und schon jetzt laufen bereits die Vorbereitungen f\u00fcr die n\u00e4chste Ausgabe. Berichte, Fotos und nat\u00fcrlich Anregungen f\u00fcr m\u00f6gliche weitere Ver\u00f6ffentlichungen k\u00f6nnen bis zum 20.12. dieses Jahres pers\u00f6nlich oder per E-Mail (doerpblatt@gmail.com) abgegeben werden.<\/p>\n\n\n\n<p>Text \/ Foto:\u00a0 Gerd Rode<\/p>\n\n\n\n<figure class=\"wp-block-gallery columns-1 is-cropped wp-block-gallery-1 is-layout-flex wp-block-gallery-is-layout-flex\"><ul class=\"blocks-gallery-grid\"><li class=\"blocks-gallery-item\"><figure><a href=\"https:\/\/www.forum-soegel.de\/information\/wp-content\/uploads\/2021\/03\/2.-Ausgabe-des-Staverner-Jahrbuchs-erschienen-1.jpg\"><img loading=\"lazy\" decoding=\"async\" width=\"549\" height=\"768\" src=\"https:\/\/www.forum-soegel.de\/information\/wp-content\/uploads\/2021\/03\/2.-Ausgabe-des-Staverner-Jahrbuchs-erschienen-1.jpg\" alt=\"\" data-id=\"30386\" data-full-url=\"https:\/\/www.forum-soegel.de\/information\/wp-content\/uploads\/2021\/03\/2.-Ausgabe-des-Staverner-Jahrbuchs-erschienen-1.jpg\" data-link=\"https:\/\/www.forum-soegel.de\/information\/?attachment_id=30386\" class=\"wp-image-30386\" srcset=\"https:\/\/www.forum-soegel.de\/information\/wp-content\/uploads\/2021\/03\/2.-Ausgabe-des-Staverner-Jahrbuchs-erschienen-1.jpg 549w, https:\/\/www.forum-soegel.de\/information\/wp-content\/uploads\/2021\/03\/2.-Ausgabe-des-Staverner-Jahrbuchs-erschienen-1-214x300.jpg 214w\" sizes=\"auto, (max-width: 549px) 100vw, 549px\" \/><\/a><\/figure><\/li><\/ul><figcaption class=\"blocks-gallery-caption\">Deckblatt des neuen Jahrbuchs mit dem Glockenturm in Klein Stavern<\/figcaption><\/figure>\n","protected":false},"excerpt":{"rendered":"Stavern &#8211; Mit 96 Seiten und \u00fcber 300 Fotos ist soeben das neue Staverner D\u00d6RPBLATT erschienen. In erster Linie wurden Begebenheiten aus dem Jahr 2020 in Wort und Bild zusammengefasst. Obwohl durch die Pandemie und die sich dadurch verf\u00fcgten Einschr\u00e4nkungen fast alle Veranstaltungen der \u00f6rtlichen Vereine abgesagt werden mussten, berichtet die Chronik \u00fcber ein sehr [&hellip;]\n","protected":false},"author":2,"featured_media":0,"comment_status":"closed","ping_status":"closed","sticky":false,"template":"","format":"standard","meta":{"ngg_post_thumbnail":0,"footnotes":""},"categories":[3],"tags":[],"class_list":["post-30385","post","type-post","status-publish","format-standard","hentry","category-aktuelles-aus-der-region"],"_links":{"self":[{"href":"https:\/\/www.forum-soegel.de\/information\/wp-json\/wp\/v2\/posts\/30385","targetHints":{"allow":["GET"]}}],"collection":[{"href":"https:\/\/www.forum-soegel.de\/information\/wp-json\/wp\/v2\/posts"}],"about":[{"href":"https:\/\/www.forum-soegel.de\/information\/wp-json\/wp\/v2\/types\/post"}],"author":[{"embeddable":true,"href":"https:\/\/www.forum-soegel.de\/information\/wp-json\/wp\/v2\/users\/2"}],"replies":[{"embeddable":true,"href":"https:\/\/www.forum-soegel.de\/information\/wp-json\/wp\/v2\/comments?post=30385"}],"version-history":[{"count":1,"href":"https:\/\/www.forum-soegel.de\/information\/wp-json\/wp\/v2\/posts\/30385\/revisions"}],"predecessor-version":[{"id":30387,"href":"https:\/\/www.forum-soegel.de\/information\/wp-json\/wp\/v2\/posts\/30385\/revisions\/30387"}],"wp:attachment":[{"href":"https:\/\/www.forum-soegel.de\/information\/wp-json\/wp\/v2\/media?parent=30385"}],"wp:term":[{"taxonomy":"category","embeddable":true,"href":"https:\/\/www.forum-soegel.de\/information\/wp-json\/wp\/v2\/categories?post=30385"},{"taxonomy":"post_tag","embeddable":true,"href":"https:\/\/www.forum-soegel.de\/information\/wp-json\/wp\/v2\/tags?post=30385"}],"curies":[{"name":"wp","href":"https:\/\/api.w.org\/{rel}","templated":true}]}}