{"id":30369,"date":"2021-02-01T16:49:26","date_gmt":"2021-02-01T15:49:26","guid":{"rendered":"https:\/\/www.forum-soegel.de\/information\/?p=30369"},"modified":"2021-02-01T16:49:27","modified_gmt":"2021-02-01T15:49:27","slug":"weltladen-praesentkoerbe-waren-der-renner","status":"publish","type":"post","link":"https:\/\/www.forum-soegel.de\/information\/2021\/02\/weltladen-praesentkoerbe-waren-der-renner\/","title":{"rendered":"Weltladen: Pr\u00e4sentk\u00f6rbe waren der Renner"},"content":{"rendered":"\n<p>S\u00f6gel &#8211; Der Weltladen S\u00f6gel musste aufgrund der durch die Corona-Pandemie bedingten Schlie\u00dfungsphasen Umsatzeinbu\u00dfen hinnehmen. Das sagte die Vorsitzende des Vereins \u201eUnsere Welt \u2013 Eine Welt\u201c, Martina Deters, in ihrem kurzen R\u00fcckblick. Dank gro\u00dfz\u00fcgiger Spender konnte man die Osterartikel den Mitarbeiterinnen und Mitarbeitern und Bewohnern von \u201eHaus Simeon\u201c schenken. Die Waren konnten wegen des Lockdowns nicht mehr verkauft werden.<\/p>\n\n\n\n<p>Seit Beginn der Corona-Krise wurde auf die Einhaltung s\u00e4mtlicher Schutzregeln geachtet, um sowohl die Kunden als auch die Mitarbeiter des Weltladens nicht zu gef\u00e4hrden.<\/p>\n\n\n\n<p>Der schlie\u00dfungsbedingte Umsatzr\u00fcckgang konnte in der Zeit vor Weihnachten teilweise wieder aufgeholt werden. Die breit angelegte \u201ePr\u00e4sentkorbaktion\u201c fand eine starke Resonanz. \u00dcber 50 sch\u00f6ne Geschenkk\u00f6rbe wurden zum Beispiel von Betrieben f\u00fcr ihre Mitarbeiter beim Weltladen geordert und konnten, so Deters, aufgrund des gro\u00dfen Einsatzes des Ladenteams zusammengestellt werden. Aber auch die Stammkunden und zahlreiche Neukunden besuchten den Weltladen in der erlaubten \u00d6ffnungszeit und brachten durch ihren Einkauf die Verbundenheit zum Weltladen zum Ausdruck. Daf\u00fcr sei man sehr dankbar.<\/p>\n\n\n\n<p>Text: LB \/ Foto: Weltladen<\/p>\n\n\n\n<p>Text\/Foto: Lambert Brand<\/p>\n\n\n\n<figure class=\"wp-block-image size-large\"><a href=\"https:\/\/www.forum-soegel.de\/information\/wp-content\/uploads\/2021\/02\/CORONA-Praesentkoerbe-waren-der-Renner-1.jpg\"><img loading=\"lazy\" decoding=\"async\" width=\"1024\" height=\"577\" src=\"https:\/\/www.forum-soegel.de\/information\/wp-content\/uploads\/2021\/02\/CORONA-Praesentkoerbe-waren-der-Renner-1-1024x577.jpg\" alt=\"\" class=\"wp-image-30370\" srcset=\"https:\/\/www.forum-soegel.de\/information\/wp-content\/uploads\/2021\/02\/CORONA-Praesentkoerbe-waren-der-Renner-1-1024x577.jpg 1024w, https:\/\/www.forum-soegel.de\/information\/wp-content\/uploads\/2021\/02\/CORONA-Praesentkoerbe-waren-der-Renner-1-300x169.jpg 300w, https:\/\/www.forum-soegel.de\/information\/wp-content\/uploads\/2021\/02\/CORONA-Praesentkoerbe-waren-der-Renner-1-768x432.jpg 768w, https:\/\/www.forum-soegel.de\/information\/wp-content\/uploads\/2021\/02\/CORONA-Praesentkoerbe-waren-der-Renner-1-1536x865.jpg 1536w, https:\/\/www.forum-soegel.de\/information\/wp-content\/uploads\/2021\/02\/CORONA-Praesentkoerbe-waren-der-Renner-1.jpg 1600w\" sizes=\"auto, (max-width: 1024px) 100vw, 1024px\" \/><\/a><figcaption>Nett aufgemachte Pr\u00e4sentk\u00f6rbe waren kurz vor Weihnachten der Renner beim S\u00f6geler Weltladen.<\/figcaption><\/figure>\n","protected":false},"excerpt":{"rendered":"S\u00f6gel &#8211; Der Weltladen S\u00f6gel musste aufgrund der durch die Corona-Pandemie bedingten Schlie\u00dfungsphasen Umsatzeinbu\u00dfen hinnehmen. Das sagte die Vorsitzende des Vereins \u201eUnsere Welt \u2013 Eine Welt\u201c, Martina Deters, in ihrem kurzen R\u00fcckblick. Dank gro\u00dfz\u00fcgiger Spender konnte man die Osterartikel den Mitarbeiterinnen und Mitarbeitern und Bewohnern von \u201eHaus Simeon\u201c schenken. Die Waren konnten wegen des Lockdowns [&hellip;]\n","protected":false},"author":2,"featured_media":0,"comment_status":"closed","ping_status":"closed","sticky":false,"template":"","format":"standard","meta":{"ngg_post_thumbnail":0,"footnotes":""},"categories":[930],"tags":[],"class_list":["post-30369","post","type-post","status-publish","format-standard","hentry","category-wir-halten-zusammen"],"_links":{"self":[{"href":"https:\/\/www.forum-soegel.de\/information\/wp-json\/wp\/v2\/posts\/30369","targetHints":{"allow":["GET"]}}],"collection":[{"href":"https:\/\/www.forum-soegel.de\/information\/wp-json\/wp\/v2\/posts"}],"about":[{"href":"https:\/\/www.forum-soegel.de\/information\/wp-json\/wp\/v2\/types\/post"}],"author":[{"embeddable":true,"href":"https:\/\/www.forum-soegel.de\/information\/wp-json\/wp\/v2\/users\/2"}],"replies":[{"embeddable":true,"href":"https:\/\/www.forum-soegel.de\/information\/wp-json\/wp\/v2\/comments?post=30369"}],"version-history":[{"count":1,"href":"https:\/\/www.forum-soegel.de\/information\/wp-json\/wp\/v2\/posts\/30369\/revisions"}],"predecessor-version":[{"id":30371,"href":"https:\/\/www.forum-soegel.de\/information\/wp-json\/wp\/v2\/posts\/30369\/revisions\/30371"}],"wp:attachment":[{"href":"https:\/\/www.forum-soegel.de\/information\/wp-json\/wp\/v2\/media?parent=30369"}],"wp:term":[{"taxonomy":"category","embeddable":true,"href":"https:\/\/www.forum-soegel.de\/information\/wp-json\/wp\/v2\/categories?post=30369"},{"taxonomy":"post_tag","embeddable":true,"href":"https:\/\/www.forum-soegel.de\/information\/wp-json\/wp\/v2\/tags?post=30369"}],"curies":[{"name":"wp","href":"https:\/\/api.w.org\/{rel}","templated":true}]}}