{"id":3036,"date":"2010-08-11T20:33:54","date_gmt":"2010-08-11T18:33:54","guid":{"rendered":"https:\/\/www.forum-soegel.de\/information\/?p=3036"},"modified":"2010-08-11T20:33:54","modified_gmt":"2010-08-11T18:33:54","slug":"was-fur-ein-wetter%e2%80%a6","status":"publish","type":"post","link":"https:\/\/www.forum-soegel.de\/information\/2010\/08\/was-fur-ein-wetter%e2%80%a6\/","title":{"rendered":"Was f\u00fcr ein Wetter\u2026.."},"content":{"rendered":"<p>Ein wundervolles Sommerwetter mit Temperaturen bis zu 35\u00b0C\u00a0 begleiteten uns beim erneuten Fu\u00dfball-Sommerm\u00e4rchen. \u00a0Mehr als vier Wochen brannte die Sonne vom Himmel, die Menschen schwitzen und st\u00f6hnten \u00fcber die Hitze &#8211; w\u00e4hrend Ende Mai\/Anfang Juni \u00a0\u00a0noch gebibbert wurde. Ist das noch normal? Dieses Wetter ist nach Ansicht von Meteorologen\u00a0 nicht wirklich ungew\u00f6hnlich f\u00fcr diese Jahreszeit, da es in den letzten 25 Jahren etwa alle f\u00fcnf Jahre zu solch hohen Temperaturen gekommen ist. In dem jetzt erlebten Ausma\u00df war dies aber zuletzt vor 50 Jahren der Fall. Der hei\u00dfe Sommer war nicht f\u00fcr alle m\u00e4rchenhaft: Die Mediziner verzeichneten aufgrund der Hitze \u00a0eine gro\u00dfe Zahl von Notf\u00e4llen. Der \u00a0Hitzekollaps von 46 Kindern des Zeltlages in Werpeloh hat gezeigt, dass dieses Wetter nicht ungef\u00e4hrlich war.\u00a0 Und auch die Bauern rechnen mit Ausf\u00e4llen bei Kartoffeln und Mais, da seit Wochen \u00a0Niederschl\u00e4ge fehlen.<\/p>\n<p>Angesichts der tropischen Temperaturen und schweren Unwetter fragt man sich, ob es sich hierbei um Folgen der Klimaver\u00e4nderungen handelt. Meteorologen meinen, es gebe keine wissenschaftliche Best\u00e4tigung daf\u00fcr, dass Hitzewellen und Windhosen heute h\u00e4ufiger vorkommen oder St\u00fcrme, Gewitter und Niederschl\u00e4ge intensiver sind. Dass es vielen anders vorkommt<em>,<\/em> liege daran, dass heute die Beobachtungssysteme der Meteorologen umfassender und technisch besser sind. Fr\u00fcher h\u00e4tte man es wom\u00f6glich gar nicht bemerkt, wenn ein heftiger Sturm zum Beispiel \u00fcber einen einsamen Wald gefegt w\u00e4re. Heute k\u00f6nnen Wettererscheinungen jedoch genau verfolgt werden. Und nat\u00fcrlich ist die Aufmerksamkeit heute gr\u00f6\u00dfer &#8211; auch, weil in den Medien viel dar\u00fcber berichtet wird.<\/p>\n<p>Das Redaktionsteam w\u00fcnscht allen weiterhin einen sch\u00f6nen Sommer mit angenehmen Temperaturen\u00a0 und auch Regen, der allerdings gerne\u00a0 in der Nacht fallen darf!<\/p>\n","protected":false},"excerpt":{"rendered":"Ein wundervolles Sommerwetter mit Temperaturen bis zu 35\u00b0C\u00a0 begleiteten uns beim erneuten Fu\u00dfball-Sommerm\u00e4rchen. \u00a0Mehr als vier Wochen brannte die Sonne vom Himmel, die Menschen schwitzen und st\u00f6hnten \u00fcber die Hitze &#8211; w\u00e4hrend Ende Mai\/Anfang Juni \u00a0\u00a0noch gebibbert wurde. Ist das noch normal? Dieses Wetter ist nach Ansicht von Meteorologen\u00a0 nicht wirklich ungew\u00f6hnlich f\u00fcr diese Jahreszeit, [&hellip;]\n","protected":false},"author":2,"featured_media":0,"comment_status":"closed","ping_status":"closed","sticky":false,"template":"","format":"standard","meta":{"ngg_post_thumbnail":0,"footnotes":""},"categories":[393],"tags":[],"class_list":["post-3036","post","type-post","status-publish","format-standard","hentry","category-vorwort"],"_links":{"self":[{"href":"https:\/\/www.forum-soegel.de\/information\/wp-json\/wp\/v2\/posts\/3036","targetHints":{"allow":["GET"]}}],"collection":[{"href":"https:\/\/www.forum-soegel.de\/information\/wp-json\/wp\/v2\/posts"}],"about":[{"href":"https:\/\/www.forum-soegel.de\/information\/wp-json\/wp\/v2\/types\/post"}],"author":[{"embeddable":true,"href":"https:\/\/www.forum-soegel.de\/information\/wp-json\/wp\/v2\/users\/2"}],"replies":[{"embeddable":true,"href":"https:\/\/www.forum-soegel.de\/information\/wp-json\/wp\/v2\/comments?post=3036"}],"version-history":[{"count":1,"href":"https:\/\/www.forum-soegel.de\/information\/wp-json\/wp\/v2\/posts\/3036\/revisions"}],"predecessor-version":[{"id":3037,"href":"https:\/\/www.forum-soegel.de\/information\/wp-json\/wp\/v2\/posts\/3036\/revisions\/3037"}],"wp:attachment":[{"href":"https:\/\/www.forum-soegel.de\/information\/wp-json\/wp\/v2\/media?parent=3036"}],"wp:term":[{"taxonomy":"category","embeddable":true,"href":"https:\/\/www.forum-soegel.de\/information\/wp-json\/wp\/v2\/categories?post=3036"},{"taxonomy":"post_tag","embeddable":true,"href":"https:\/\/www.forum-soegel.de\/information\/wp-json\/wp\/v2\/tags?post=3036"}],"curies":[{"name":"wp","href":"https:\/\/api.w.org\/{rel}","templated":true}]}}