{"id":30300,"date":"2021-02-01T15:55:07","date_gmt":"2021-02-01T14:55:07","guid":{"rendered":"https:\/\/www.forum-soegel.de\/information\/?p=30300"},"modified":"2021-02-01T15:55:09","modified_gmt":"2021-02-01T14:55:09","slug":"kfd-soegel-spendet-lebensmittelgutscheine-fuer-die-soegeler-tafel-2","status":"publish","type":"post","link":"https:\/\/www.forum-soegel.de\/information\/2021\/02\/kfd-soegel-spendet-lebensmittelgutscheine-fuer-die-soegeler-tafel-2\/","title":{"rendered":"Kfd S\u00f6gel spendet Lebensmittelgutscheine f\u00fcr die S\u00f6geler Tafel"},"content":{"rendered":"\n<p>S\u00f6gel &#8211; Einige von den insgesamt 54 ehrenamtlichen Helferinnen und Helfern der Tafel in S\u00f6gel wurden k\u00fcrzlich von Marion Graf und Renate Herm\u00fchlen von der S\u00f6geler Frauengemeinschaft in der Ausgabestelle am Sachsenweg&nbsp; besucht und mit einer Spende in Form von Lebensmittelgutscheinen im Wert von 500,00 \u20ac \u00fcberrascht. Der Gemeindereferent f\u00fcr Sozialpastoral, Heino B\u00f6ning, der zugleich Referent f\u00fcr diakonale Aufgaben beim Sozialdienst katholischer Frauen und M\u00e4nner (SKFM) ist, bedankte sich bei den kfd-Frauen und sagte: \u201eIn Zeiten von Corona ist die Tafel f\u00fcr viele Menschen besonders wichtig und hilft ihnen, schwierige Zeiten zu \u00fcberbr\u00fccken. Gerade in S\u00f6gel hat es viele Neuanmeldungen gegeben. Deshalb bin ich sehr dankbar f\u00fcr die Lebensmittelgutscheine, die besonders in den Wintermonaten zum Tragen kommen, weil da immer zugekauft werden muss.\u201c&nbsp; B\u00f6ning lobte zudem die T\u00e4tigkeit der freiwilligen Helferinnen und Helfer der Tafel, die durch die Corona-Krise vor zus\u00e4tzlichen gro\u00dfen Herausforderungen gestellt w\u00fcrden. \u201eDie Menschen in S\u00f6gel haben ein gro\u00dfes Herz und packen mit an\u201c, so B\u00f6ning weiter. Das zeige sich seinen Worten zufolge auch wieder bei der gro\u00dfen Wunschzettelaktion zu Weihnachten durch die Organisationen Deutscher Kinderschutzbund, Caritasverband und dem SKFM. Gl\u00e4ubige der evangelischen Markuskirche und der katholischen St. Jakobus-Kirche&nbsp; hatten dabei wieder die Wunschzettel der bed\u00fcrftigen Kinder im Alter bis zu 14 Jahren mitgenommen und die W\u00fcnsche im Wert bis zu 25,00 \u20ac erf\u00fcllt. Am 16. Dezember wurden die Geschenke in der Ausgabestelle S\u00f6gel verteilt. Helferin Gertrud Janssen teilte&nbsp; den interessierten kfd-Frauen mit, dass derzeit 76 Erwachsene und 71 Kinder die Hilfe der S\u00f6geler Tafel in Anspruch nehmen w\u00fcrden und sagte: \u201e Die angemeldeten Kunden haben einen festen Termin und warten drau\u00dfen. Die Hygienevorschriften werden dabei strengstens eingehalten, so dass jeder Einzelne&nbsp; nur ein paar Minuten im Verkaufsladen bleibt.\u201c<\/p>\n\n\n\n<p>B\u00f6ning, der bei den \u00d6ffnungszeiten der Ausgabestellen stets vor Ort ist und ein Ohr f\u00fcr die Sorgen und N\u00f6te der Kunden hat, f\u00fcgte hinzu: \u201eWir alle wissen, wenn es die Tafel nicht g\u00e4be, w\u00fcrden noch mehr Lebensmittel in den M\u00fcll landen, die noch unversehrt und haltbar sind. Die Tafel m\u00f6chte allen Mut machen, sich nicht zu scheuen, diese Beihilfe zum Lebensunterhalt zu nutzen.\u201c<\/p>\n\n\n\n<p>Die Ausgabestelle in S\u00f6gel am Sachsenweg 2b ist donnerstags von 14.00 \u2013 15.00 Uhr ge\u00f6ffnet. Neuanmeldungen sind jeweils am Mittwochmittag&nbsp; bei der Verteilstelle&nbsp; S\u00f6gel&nbsp; unter der Telefon-Nr. 05952-9692001 m\u00f6glich.<\/p>\n\n\n\n<p>Text\/Foto: Gisela Arling\u00a0\u00a0\u00a0\u00a0\u00a0\u00a0<\/p>\n\n\n\n<figure class=\"wp-block-gallery columns-1 is-cropped wp-block-gallery-1 is-layout-flex wp-block-gallery-is-layout-flex\"><ul class=\"blocks-gallery-grid\"><li class=\"blocks-gallery-item\"><figure><a href=\"https:\/\/www.forum-soegel.de\/information\/wp-content\/uploads\/2021\/02\/Kfd-Soegel-spendet-Lebensmittelgutscheine-fuer-die-Soegeler-Tafel.jpg\"><img loading=\"lazy\" decoding=\"async\" width=\"1024\" height=\"637\" src=\"https:\/\/www.forum-soegel.de\/information\/wp-content\/uploads\/2021\/02\/Kfd-Soegel-spendet-Lebensmittelgutscheine-fuer-die-Soegeler-Tafel.jpg\" alt=\"\" data-id=\"30301\" data-full-url=\"https:\/\/www.forum-soegel.de\/information\/wp-content\/uploads\/2021\/02\/Kfd-Soegel-spendet-Lebensmittelgutscheine-fuer-die-Soegeler-Tafel.jpg\" data-link=\"https:\/\/www.forum-soegel.de\/information\/?attachment_id=30301\" class=\"wp-image-30301\" srcset=\"https:\/\/www.forum-soegel.de\/information\/wp-content\/uploads\/2021\/02\/Kfd-Soegel-spendet-Lebensmittelgutscheine-fuer-die-Soegeler-Tafel.jpg 1024w, https:\/\/www.forum-soegel.de\/information\/wp-content\/uploads\/2021\/02\/Kfd-Soegel-spendet-Lebensmittelgutscheine-fuer-die-Soegeler-Tafel-300x187.jpg 300w, https:\/\/www.forum-soegel.de\/information\/wp-content\/uploads\/2021\/02\/Kfd-Soegel-spendet-Lebensmittelgutscheine-fuer-die-Soegeler-Tafel-768x478.jpg 768w\" sizes=\"auto, (max-width: 1024px) 100vw, 1024px\" \/><\/a><\/figure><\/li><\/ul><\/figure>\n","protected":false},"excerpt":{"rendered":"S\u00f6gel &#8211; Einige von den insgesamt 54 ehrenamtlichen Helferinnen und Helfern der Tafel in S\u00f6gel wurden k\u00fcrzlich von Marion Graf und Renate Herm\u00fchlen von der S\u00f6geler Frauengemeinschaft in der Ausgabestelle am Sachsenweg&nbsp; besucht und mit einer Spende in Form von Lebensmittelgutscheinen im Wert von 500,00 \u20ac \u00fcberrascht. Der Gemeindereferent f\u00fcr Sozialpastoral, Heino B\u00f6ning, der zugleich [&hellip;]\n","protected":false},"author":2,"featured_media":0,"comment_status":"closed","ping_status":"closed","sticky":false,"template":"","format":"standard","meta":{"ngg_post_thumbnail":0,"footnotes":""},"categories":[868],"tags":[],"class_list":["post-30300","post","type-post","status-publish","format-standard","hentry","category-zwischen-himmel-und-erde"],"_links":{"self":[{"href":"https:\/\/www.forum-soegel.de\/information\/wp-json\/wp\/v2\/posts\/30300","targetHints":{"allow":["GET"]}}],"collection":[{"href":"https:\/\/www.forum-soegel.de\/information\/wp-json\/wp\/v2\/posts"}],"about":[{"href":"https:\/\/www.forum-soegel.de\/information\/wp-json\/wp\/v2\/types\/post"}],"author":[{"embeddable":true,"href":"https:\/\/www.forum-soegel.de\/information\/wp-json\/wp\/v2\/users\/2"}],"replies":[{"embeddable":true,"href":"https:\/\/www.forum-soegel.de\/information\/wp-json\/wp\/v2\/comments?post=30300"}],"version-history":[{"count":1,"href":"https:\/\/www.forum-soegel.de\/information\/wp-json\/wp\/v2\/posts\/30300\/revisions"}],"predecessor-version":[{"id":30302,"href":"https:\/\/www.forum-soegel.de\/information\/wp-json\/wp\/v2\/posts\/30300\/revisions\/30302"}],"wp:attachment":[{"href":"https:\/\/www.forum-soegel.de\/information\/wp-json\/wp\/v2\/media?parent=30300"}],"wp:term":[{"taxonomy":"category","embeddable":true,"href":"https:\/\/www.forum-soegel.de\/information\/wp-json\/wp\/v2\/categories?post=30300"},{"taxonomy":"post_tag","embeddable":true,"href":"https:\/\/www.forum-soegel.de\/information\/wp-json\/wp\/v2\/tags?post=30300"}],"curies":[{"name":"wp","href":"https:\/\/api.w.org\/{rel}","templated":true}]}}