{"id":30297,"date":"2021-02-01T15:53:42","date_gmt":"2021-02-01T14:53:42","guid":{"rendered":"https:\/\/www.forum-soegel.de\/information\/?p=30297"},"modified":"2021-02-01T15:53:43","modified_gmt":"2021-02-01T14:53:43","slug":"gelungene-inklusion-in-schwierigen-zeiten","status":"publish","type":"post","link":"https:\/\/www.forum-soegel.de\/information\/2021\/02\/gelungene-inklusion-in-schwierigen-zeiten\/","title":{"rendered":"Gelungene Inklusion in schwierigen Zeiten"},"content":{"rendered":"\n<p>B\u00f6rger &#8211; Seit vielen Jahren ist es \u00fcblich, dass verschiedene \u00f6rtliche Gruppen oder Vereine den Krippenaufbau zu Weihnachten in der St. Jodocus-Kirche in B\u00f6rger \u00fcbernehmen.&nbsp; In diesem Jahr w\u00e4re es der Sch\u00fctzenverein gewesen; die Auflagen zur Eind\u00e4mmung der Corona-Pandemie lie\u00dfen jedoch eine Ansammlung von Menschen aus mehr als zwei Haushalten nicht zu. Somit w\u00e4re die Umsetzung schwierig geworden.<\/p>\n\n\n\n<p>Kurzerhand erkl\u00e4rte sich die Gruppe Johannes, eine Au\u00dfenwohngruppe des St. Lukas Heimes in B\u00f6rger, bereit, in die Bresche zu springen. An vielen Nachmittagen wurde gemeinsam \u00fcberlegt, Materialien zusammengetragen, gebastelt und gewerkelt. W\u00e4hrend eines Spazierganges durch den Wald wurden Moos, kleine Str\u00e4ucher, \u00c4ste und Steine gesammelt.<\/p>\n\n\n\n<p>Gut vorbereitet konnte man schlie\u00dflich, als sogenannte Kohorte, auch unter Corona-Bedingungen mit allen BewohnerInnen in der Kirche zur Tat schreiten.&nbsp; F\u00fcr jeden gab es etwas zu tun, einige platzierten den Stall, andere holten die Krippenfiguren vom Dachboden, eine Mooslandschaft wurde geschaffen, Weihnachtsb\u00e4ume wurde aufgestellt und schlie\u00dflich wurden Maria und Josef, die Hirten mit den Schafen sowie Ochs und Esel platziert. Wieder andere nutzten die Zeit, eine Kerze anzuz\u00fcnden oder die Kirche mit ihren \u201egeheimen R\u00e4umen\u201c zu erkunden. Manch ein Bewohner wagte sich sogar, nat\u00fcrlich in Begleitung eines Betreuers, den Kirchturm hinauf und ersp\u00e4hte einen Blick \u00fcber das imposante Gew\u00f6lbe der Pfarrkirche.<\/p>\n\n\n\n<p>Abschlie\u00dfend kann gesagt werden, ein gelungenes Projekt, bei dem sich alle, jeder nach seinen F\u00e4higkeiten, einbringen konnte. Die entstandenen Kosten wurden vom Sch\u00fctzenverein \u00fcbernommen.<\/p>\n\n\n\n<p>Text\/Foto: Bernd Gebkenjans<\/p>\n\n\n\n<figure class=\"wp-block-gallery columns-1 is-cropped wp-block-gallery-1 is-layout-flex wp-block-gallery-is-layout-flex\"><ul class=\"blocks-gallery-grid\"><li class=\"blocks-gallery-item\"><figure><a href=\"https:\/\/www.forum-soegel.de\/information\/wp-content\/uploads\/2021\/02\/Gelungene-Inklusion-in-schwierigen-Zeiten-1.jpg\"><img loading=\"lazy\" decoding=\"async\" width=\"942\" height=\"768\" src=\"https:\/\/www.forum-soegel.de\/information\/wp-content\/uploads\/2021\/02\/Gelungene-Inklusion-in-schwierigen-Zeiten-1.jpg\" alt=\"\" data-id=\"30298\" data-full-url=\"https:\/\/www.forum-soegel.de\/information\/wp-content\/uploads\/2021\/02\/Gelungene-Inklusion-in-schwierigen-Zeiten-1.jpg\" data-link=\"https:\/\/www.forum-soegel.de\/information\/?attachment_id=30298\" class=\"wp-image-30298\" srcset=\"https:\/\/www.forum-soegel.de\/information\/wp-content\/uploads\/2021\/02\/Gelungene-Inklusion-in-schwierigen-Zeiten-1.jpg 942w, https:\/\/www.forum-soegel.de\/information\/wp-content\/uploads\/2021\/02\/Gelungene-Inklusion-in-schwierigen-Zeiten-1-300x245.jpg 300w, https:\/\/www.forum-soegel.de\/information\/wp-content\/uploads\/2021\/02\/Gelungene-Inklusion-in-schwierigen-Zeiten-1-768x626.jpg 768w\" sizes=\"auto, (max-width: 942px) 100vw, 942px\" \/><\/a><\/figure><\/li><\/ul><figcaption class=\"blocks-gallery-caption\">Das Foto zeigt das gelungene Werk, auf das die Bewohner der Wohngruppe Johannes m\u00e4chtig stolz sind.<\/figcaption><\/figure>\n","protected":false},"excerpt":{"rendered":"B\u00f6rger &#8211; Seit vielen Jahren ist es \u00fcblich, dass verschiedene \u00f6rtliche Gruppen oder Vereine den Krippenaufbau zu Weihnachten in der St. Jodocus-Kirche in B\u00f6rger \u00fcbernehmen.&nbsp; In diesem Jahr w\u00e4re es der Sch\u00fctzenverein gewesen; die Auflagen zur Eind\u00e4mmung der Corona-Pandemie lie\u00dfen jedoch eine Ansammlung von Menschen aus mehr als zwei Haushalten nicht zu. Somit w\u00e4re die [&hellip;]\n","protected":false},"author":2,"featured_media":0,"comment_status":"closed","ping_status":"closed","sticky":false,"template":"","format":"standard","meta":{"ngg_post_thumbnail":0,"footnotes":""},"categories":[868],"tags":[],"class_list":["post-30297","post","type-post","status-publish","format-standard","hentry","category-zwischen-himmel-und-erde"],"_links":{"self":[{"href":"https:\/\/www.forum-soegel.de\/information\/wp-json\/wp\/v2\/posts\/30297","targetHints":{"allow":["GET"]}}],"collection":[{"href":"https:\/\/www.forum-soegel.de\/information\/wp-json\/wp\/v2\/posts"}],"about":[{"href":"https:\/\/www.forum-soegel.de\/information\/wp-json\/wp\/v2\/types\/post"}],"author":[{"embeddable":true,"href":"https:\/\/www.forum-soegel.de\/information\/wp-json\/wp\/v2\/users\/2"}],"replies":[{"embeddable":true,"href":"https:\/\/www.forum-soegel.de\/information\/wp-json\/wp\/v2\/comments?post=30297"}],"version-history":[{"count":1,"href":"https:\/\/www.forum-soegel.de\/information\/wp-json\/wp\/v2\/posts\/30297\/revisions"}],"predecessor-version":[{"id":30299,"href":"https:\/\/www.forum-soegel.de\/information\/wp-json\/wp\/v2\/posts\/30297\/revisions\/30299"}],"wp:attachment":[{"href":"https:\/\/www.forum-soegel.de\/information\/wp-json\/wp\/v2\/media?parent=30297"}],"wp:term":[{"taxonomy":"category","embeddable":true,"href":"https:\/\/www.forum-soegel.de\/information\/wp-json\/wp\/v2\/categories?post=30297"},{"taxonomy":"post_tag","embeddable":true,"href":"https:\/\/www.forum-soegel.de\/information\/wp-json\/wp\/v2\/tags?post=30297"}],"curies":[{"name":"wp","href":"https:\/\/api.w.org\/{rel}","templated":true}]}}