{"id":30291,"date":"2021-02-01T15:51:37","date_gmt":"2021-02-01T14:51:37","guid":{"rendered":"https:\/\/www.forum-soegel.de\/information\/?p=30291"},"modified":"2021-02-01T15:51:38","modified_gmt":"2021-02-01T14:51:38","slug":"film-ab-karneval-soegel-100-digital","status":"publish","type":"post","link":"https:\/\/www.forum-soegel.de\/information\/2021\/02\/film-ab-karneval-soegel-100-digital\/","title":{"rendered":"Film ab \u2013 Karneval S\u00f6gel 100 % digital"},"content":{"rendered":"\n<p><strong>S\u00f6gel wie es singt und lacht per Videoclip<\/strong><\/p>\n\n\n\n<p>S\u00f6gel &#8211; Angesichts der Pandemie musste auch die Kolpingkapelle S\u00f6gel die traditionell Anfang des Jahres stattfindenden vier Karnevalssitzungen im Clemenswerther Hof absagen. \u201eAber wir wollen unser Publikum nicht im Stich lassen. Der Karneval findet im kommenden Jahr statt \u2013 nur anders!\u201c, blickte der Pr\u00e4sident des S\u00f6geler Karnevals Johannes Lake im November 2020 optimistisch in die Zukunft. Er versprach, dass \u201ewir damit unsere harte Fangemeinde aber auch unsere Akteure bei Laune halten, hundertprozentig!\u201c<\/p>\n\n\n\n<p>Nur ein kurzer Zeitraum blieb \u00fcbrig, um das Programm neu zu gestalten und karnevalistische Bonbons in kurze Filmszenen zu verpacken. Die kurzen Videos werden \u00fcber alle zu Verf\u00fcgung stehenden Medien nach einem festen Fahrplan in der S\u00f6geler Karnevalswoche vom 29.01. \u2013 06.02.2021 ver\u00f6ffentlicht. \u201eSo halten wir den Kontakt zu unserem Publikum und zu unseren Akteuren\u201c, hei\u00dft es aus dem Vorstand, \u201edenn die Karnevalsvorbereitungen geh\u00f6ren f\u00fcr uns Karnevalisten, Musikanten und Witzbolden einfach zum Leben dazu!\u201c<\/p>\n\n\n\n<p>\u201eDie ersten Videos sind im Kasten\u201c, meldete nun Johannes Mielke vom Organisationsteam. Er zeigte sich hocherfreut \u00fcber die gelungenen Aufnahmen. Dank moderner Technik werden die Filme vor einer sogenannten \u201eGreenscreen-Wand\u201c gedreht, die es erm\u00f6glicht, s\u00e4mtliche Hintergr\u00fcnde im Nachhinein einzuf\u00fcgen. Davon wurde nun rege Gebrauch gemacht. \u201eWir k\u00f6nnen unsere Karnevalisten also an jeden beliebigen Ort beamen und passende Musik dazu einspielen \u2013 den Rest machen die Darsteller mit ihren witzigen Beitr\u00e4gen, selbst!\u201c Und die haben sich nicht lumpen lassen, hei\u00dft es aus informierten Kreisen. Auch wenn der direkte Kontakt zum Publikum fehlt, haben sich viele Akteure bereit erkl\u00e4rt, beim S\u00f6geler Karneval 2021 aufzutreten \u2013 dieses Mal eben digital. \u201eEs gibt kom\u00f6diantische Beitr\u00e4ge, bei denen sich die Zuschauer vor Lachen nicht mehr einkriegen werden. Aber auch der feine leise Witz, bei dem das Begreifen meist etwas l\u00e4nger dauert, dieser daf\u00fcr aber auch umso tiefsinniger ist, kommt zu seinem Recht.\u201c Es sei erstaunlich, so Mielke, wie schnell sich unsere Akteure vom Live-Programm auf das digitale Programm umgestellt haben. \u201eWir freuen uns, dass wir dem Publikum nun auf diese Weise ein anspruchsvolles Programm bieten k\u00f6nnen\u201c, sind sich Lake und Mielke einig.<\/p>\n\n\n\n<p>Text: Ingrid Cloppenburg<\/p>\n\n\n\n<p>Foto: Kolpingkarneval S\u00f6gel<\/p>\n\n\n\n<figure class=\"wp-block-gallery columns-3 is-cropped wp-block-gallery-1 is-layout-flex wp-block-gallery-is-layout-flex\"><ul class=\"blocks-gallery-grid\"><li class=\"blocks-gallery-item\"><figure><a href=\"https:\/\/www.forum-soegel.de\/information\/wp-content\/uploads\/2021\/02\/Film-ab-\u2013-Karneval-Soegel-100-\ufffd-digital-4.jpg\"><img loading=\"lazy\" decoding=\"async\" width=\"1024\" height=\"768\" src=\"https:\/\/www.forum-soegel.de\/information\/wp-content\/uploads\/2021\/02\/Film-ab-\u2013-Karneval-Soegel-100-\ufffd-digital-4.jpg\" alt=\"\" data-id=\"30292\" data-full-url=\"https:\/\/www.forum-soegel.de\/information\/wp-content\/uploads\/2021\/02\/Film-ab-\u2013-Karneval-Soegel-100-\ufffd-digital-4.jpg\" data-link=\"https:\/\/www.forum-soegel.de\/information\/?attachment_id=30292\" class=\"wp-image-30292\" srcset=\"https:\/\/www.forum-soegel.de\/information\/wp-content\/uploads\/2021\/02\/Film-ab-\u2013-Karneval-Soegel-100-\ufffd-digital-4.jpg 1024w, https:\/\/www.forum-soegel.de\/information\/wp-content\/uploads\/2021\/02\/Film-ab-\u2013-Karneval-Soegel-100-\ufffd-digital-4-300x225.jpg 300w, https:\/\/www.forum-soegel.de\/information\/wp-content\/uploads\/2021\/02\/Film-ab-\u2013-Karneval-Soegel-100-\ufffd-digital-4-768x576.jpg 768w\" sizes=\"auto, (max-width: 1024px) 100vw, 1024px\" \/><\/a><\/figure><\/li><li class=\"blocks-gallery-item\"><figure><a href=\"https:\/\/www.forum-soegel.de\/information\/wp-content\/uploads\/2021\/02\/Film-ab-\u2013-Karneval-Soegel-100-\ufffd-digital-1.jpg\"><img loading=\"lazy\" decoding=\"async\" width=\"1024\" height=\"768\" src=\"https:\/\/www.forum-soegel.de\/information\/wp-content\/uploads\/2021\/02\/Film-ab-\u2013-Karneval-Soegel-100-\ufffd-digital-1.jpg\" alt=\"\" data-id=\"30293\" data-full-url=\"https:\/\/www.forum-soegel.de\/information\/wp-content\/uploads\/2021\/02\/Film-ab-\u2013-Karneval-Soegel-100-\ufffd-digital-1.jpg\" data-link=\"https:\/\/www.forum-soegel.de\/information\/?attachment_id=30293\" class=\"wp-image-30293\" srcset=\"https:\/\/www.forum-soegel.de\/information\/wp-content\/uploads\/2021\/02\/Film-ab-\u2013-Karneval-Soegel-100-\ufffd-digital-1.jpg 1024w, https:\/\/www.forum-soegel.de\/information\/wp-content\/uploads\/2021\/02\/Film-ab-\u2013-Karneval-Soegel-100-\ufffd-digital-1-300x225.jpg 300w, https:\/\/www.forum-soegel.de\/information\/wp-content\/uploads\/2021\/02\/Film-ab-\u2013-Karneval-Soegel-100-\ufffd-digital-1-768x576.jpg 768w\" sizes=\"auto, (max-width: 1024px) 100vw, 1024px\" \/><\/a><\/figure><\/li><li class=\"blocks-gallery-item\"><figure><a href=\"https:\/\/www.forum-soegel.de\/information\/wp-content\/uploads\/2021\/02\/Film-ab-\u2013-Karneval-Soegel-100-\ufffd-digital-2.jpg\"><img loading=\"lazy\" decoding=\"async\" width=\"1024\" height=\"576\" src=\"https:\/\/www.forum-soegel.de\/information\/wp-content\/uploads\/2021\/02\/Film-ab-\u2013-Karneval-Soegel-100-\ufffd-digital-2.jpg\" alt=\"\" data-id=\"30294\" data-full-url=\"https:\/\/www.forum-soegel.de\/information\/wp-content\/uploads\/2021\/02\/Film-ab-\u2013-Karneval-Soegel-100-\ufffd-digital-2.jpg\" data-link=\"https:\/\/www.forum-soegel.de\/information\/?attachment_id=30294\" class=\"wp-image-30294\" srcset=\"https:\/\/www.forum-soegel.de\/information\/wp-content\/uploads\/2021\/02\/Film-ab-\u2013-Karneval-Soegel-100-\ufffd-digital-2.jpg 1024w, https:\/\/www.forum-soegel.de\/information\/wp-content\/uploads\/2021\/02\/Film-ab-\u2013-Karneval-Soegel-100-\ufffd-digital-2-300x169.jpg 300w, https:\/\/www.forum-soegel.de\/information\/wp-content\/uploads\/2021\/02\/Film-ab-\u2013-Karneval-Soegel-100-\ufffd-digital-2-768x432.jpg 768w\" sizes=\"auto, (max-width: 1024px) 100vw, 1024px\" \/><\/a><\/figure><\/li><li class=\"blocks-gallery-item\"><figure><a href=\"https:\/\/www.forum-soegel.de\/information\/wp-content\/uploads\/2021\/02\/Film-ab-\u2013-Karneval-Soegel-100-\ufffd-digital-3.jpg\"><img loading=\"lazy\" decoding=\"async\" width=\"1024\" height=\"768\" src=\"https:\/\/www.forum-soegel.de\/information\/wp-content\/uploads\/2021\/02\/Film-ab-\u2013-Karneval-Soegel-100-\ufffd-digital-3.jpg\" alt=\"\" data-id=\"30295\" data-full-url=\"https:\/\/www.forum-soegel.de\/information\/wp-content\/uploads\/2021\/02\/Film-ab-\u2013-Karneval-Soegel-100-\ufffd-digital-3.jpg\" data-link=\"https:\/\/www.forum-soegel.de\/information\/?attachment_id=30295\" class=\"wp-image-30295\" srcset=\"https:\/\/www.forum-soegel.de\/information\/wp-content\/uploads\/2021\/02\/Film-ab-\u2013-Karneval-Soegel-100-\ufffd-digital-3.jpg 1024w, https:\/\/www.forum-soegel.de\/information\/wp-content\/uploads\/2021\/02\/Film-ab-\u2013-Karneval-Soegel-100-\ufffd-digital-3-300x225.jpg 300w, https:\/\/www.forum-soegel.de\/information\/wp-content\/uploads\/2021\/02\/Film-ab-\u2013-Karneval-Soegel-100-\ufffd-digital-3-768x576.jpg 768w\" sizes=\"auto, (max-width: 1024px) 100vw, 1024px\" \/><\/a><\/figure><\/li><\/ul><figcaption class=\"blocks-gallery-caption\">\u201eWir k\u00f6nnen auch digital\u201c ist das Motto der kommenden Karnevalssaison der S\u00f6geler Karnevalisten. Auf viele bunte Videoclips k\u00f6nnen sich die Freunde des S\u00f6geler Karnevals ab dem 29. Januar freuen.<\/figcaption><\/figure>\n","protected":false},"excerpt":{"rendered":"S\u00f6gel wie es singt und lacht per Videoclip S\u00f6gel &#8211; Angesichts der Pandemie musste auch die Kolpingkapelle S\u00f6gel die traditionell Anfang des Jahres stattfindenden vier Karnevalssitzungen im Clemenswerther Hof absagen. \u201eAber wir wollen unser Publikum nicht im Stich lassen. Der Karneval findet im kommenden Jahr statt \u2013 nur anders!\u201c, blickte der Pr\u00e4sident des S\u00f6geler Karnevals [&hellip;]\n","protected":false},"author":2,"featured_media":0,"comment_status":"closed","ping_status":"closed","sticky":false,"template":"","format":"standard","meta":{"ngg_post_thumbnail":0,"footnotes":""},"categories":[868],"tags":[],"class_list":["post-30291","post","type-post","status-publish","format-standard","hentry","category-zwischen-himmel-und-erde"],"_links":{"self":[{"href":"https:\/\/www.forum-soegel.de\/information\/wp-json\/wp\/v2\/posts\/30291","targetHints":{"allow":["GET"]}}],"collection":[{"href":"https:\/\/www.forum-soegel.de\/information\/wp-json\/wp\/v2\/posts"}],"about":[{"href":"https:\/\/www.forum-soegel.de\/information\/wp-json\/wp\/v2\/types\/post"}],"author":[{"embeddable":true,"href":"https:\/\/www.forum-soegel.de\/information\/wp-json\/wp\/v2\/users\/2"}],"replies":[{"embeddable":true,"href":"https:\/\/www.forum-soegel.de\/information\/wp-json\/wp\/v2\/comments?post=30291"}],"version-history":[{"count":1,"href":"https:\/\/www.forum-soegel.de\/information\/wp-json\/wp\/v2\/posts\/30291\/revisions"}],"predecessor-version":[{"id":30296,"href":"https:\/\/www.forum-soegel.de\/information\/wp-json\/wp\/v2\/posts\/30291\/revisions\/30296"}],"wp:attachment":[{"href":"https:\/\/www.forum-soegel.de\/information\/wp-json\/wp\/v2\/media?parent=30291"}],"wp:term":[{"taxonomy":"category","embeddable":true,"href":"https:\/\/www.forum-soegel.de\/information\/wp-json\/wp\/v2\/categories?post=30291"},{"taxonomy":"post_tag","embeddable":true,"href":"https:\/\/www.forum-soegel.de\/information\/wp-json\/wp\/v2\/tags?post=30291"}],"curies":[{"name":"wp","href":"https:\/\/api.w.org\/{rel}","templated":true}]}}