{"id":30288,"date":"2021-02-01T15:49:36","date_gmt":"2021-02-01T14:49:36","guid":{"rendered":"https:\/\/www.forum-soegel.de\/information\/?p=30288"},"modified":"2021-02-01T15:49:37","modified_gmt":"2021-02-01T14:49:37","slug":"doppeljubilaeum-in-der-kindertagesstaette-arche-noah","status":"publish","type":"post","link":"https:\/\/www.forum-soegel.de\/information\/2021\/02\/doppeljubilaeum-in-der-kindertagesstaette-arche-noah\/","title":{"rendered":"Doppeljubil\u00e4um in der Kindertagesst\u00e4tte Arche Noah"},"content":{"rendered":"\n<p>S\u00f6gel &#8211; Am Ende dieses Jahres durften zwei Kolleginnen ihr 25-j\u00e4hriges Dienstjubil\u00e4um feiern.<\/p>\n\n\n\n<p>Dies konnte leider nur in den Gruppen gefeiert werden, da die Hygienevorgaben keine gr\u00f6\u00dferen Feierlichkeiten zulie\u00dfen. Der Elternbeirat, der Tr\u00e4ger und die Kollegen \u00fcberreichten ein Geschenk und viele liebe Gl\u00fcckw\u00fcnsche.<\/p>\n\n\n\n<p>Die Namen Martina Abeln und Marion Hanekamp sind vielen S\u00f6geler Kindern bestimmt bekannt.<\/p>\n\n\n\n<p>Bis 2009 arbeiteten sie im Kindergarten St. Jakobus und wechselten dann zu uns in die Arche Noah.<\/p>\n\n\n\n<p>Marion unterst\u00fctzt uns im Kindergartenbereich und Martina in unserem Krippenbereich.<\/p>\n\n\n\n<p>Wir w\u00fcnschen ihnen noch viel Spa\u00df bei ihrer Arbeit und hoffen, dass sie uns noch lange erhalten bleiben!<\/p>\n\n\n\n<p>Text\/Foto: Heike Rohe<\/p>\n\n\n\n<figure class=\"wp-block-gallery columns-1 is-cropped wp-block-gallery-1 is-layout-flex wp-block-gallery-is-layout-flex\"><ul class=\"blocks-gallery-grid\"><li class=\"blocks-gallery-item\"><figure><a href=\"https:\/\/www.forum-soegel.de\/information\/wp-content\/uploads\/2021\/02\/Doppeljubilaeum-in-der-Kindertagesstaette-Arche-Noah-1.png\"><img loading=\"lazy\" decoding=\"async\" width=\"889\" height=\"768\" src=\"https:\/\/www.forum-soegel.de\/information\/wp-content\/uploads\/2021\/02\/Doppeljubilaeum-in-der-Kindertagesstaette-Arche-Noah-1.png\" alt=\"\" data-id=\"30289\" data-full-url=\"https:\/\/www.forum-soegel.de\/information\/wp-content\/uploads\/2021\/02\/Doppeljubilaeum-in-der-Kindertagesstaette-Arche-Noah-1.png\" data-link=\"https:\/\/www.forum-soegel.de\/information\/?attachment_id=30289\" class=\"wp-image-30289\" srcset=\"https:\/\/www.forum-soegel.de\/information\/wp-content\/uploads\/2021\/02\/Doppeljubilaeum-in-der-Kindertagesstaette-Arche-Noah-1.png 889w, https:\/\/www.forum-soegel.de\/information\/wp-content\/uploads\/2021\/02\/Doppeljubilaeum-in-der-Kindertagesstaette-Arche-Noah-1-300x259.png 300w, https:\/\/www.forum-soegel.de\/information\/wp-content\/uploads\/2021\/02\/Doppeljubilaeum-in-der-Kindertagesstaette-Arche-Noah-1-768x663.png 768w\" sizes=\"auto, (max-width: 889px) 100vw, 889px\" \/><\/a><\/figure><\/li><\/ul><\/figure>\n","protected":false},"excerpt":{"rendered":"S\u00f6gel &#8211; Am Ende dieses Jahres durften zwei Kolleginnen ihr 25-j\u00e4hriges Dienstjubil\u00e4um feiern. Dies konnte leider nur in den Gruppen gefeiert werden, da die Hygienevorgaben keine gr\u00f6\u00dferen Feierlichkeiten zulie\u00dfen. Der Elternbeirat, der Tr\u00e4ger und die Kollegen \u00fcberreichten ein Geschenk und viele liebe Gl\u00fcckw\u00fcnsche. Die Namen Martina Abeln und Marion Hanekamp sind vielen S\u00f6geler Kindern bestimmt [&hellip;]\n","protected":false},"author":2,"featured_media":0,"comment_status":"closed","ping_status":"closed","sticky":false,"template":"","format":"standard","meta":{"ngg_post_thumbnail":0,"footnotes":""},"categories":[868],"tags":[],"class_list":["post-30288","post","type-post","status-publish","format-standard","hentry","category-zwischen-himmel-und-erde"],"_links":{"self":[{"href":"https:\/\/www.forum-soegel.de\/information\/wp-json\/wp\/v2\/posts\/30288","targetHints":{"allow":["GET"]}}],"collection":[{"href":"https:\/\/www.forum-soegel.de\/information\/wp-json\/wp\/v2\/posts"}],"about":[{"href":"https:\/\/www.forum-soegel.de\/information\/wp-json\/wp\/v2\/types\/post"}],"author":[{"embeddable":true,"href":"https:\/\/www.forum-soegel.de\/information\/wp-json\/wp\/v2\/users\/2"}],"replies":[{"embeddable":true,"href":"https:\/\/www.forum-soegel.de\/information\/wp-json\/wp\/v2\/comments?post=30288"}],"version-history":[{"count":1,"href":"https:\/\/www.forum-soegel.de\/information\/wp-json\/wp\/v2\/posts\/30288\/revisions"}],"predecessor-version":[{"id":30290,"href":"https:\/\/www.forum-soegel.de\/information\/wp-json\/wp\/v2\/posts\/30288\/revisions\/30290"}],"wp:attachment":[{"href":"https:\/\/www.forum-soegel.de\/information\/wp-json\/wp\/v2\/media?parent=30288"}],"wp:term":[{"taxonomy":"category","embeddable":true,"href":"https:\/\/www.forum-soegel.de\/information\/wp-json\/wp\/v2\/categories?post=30288"},{"taxonomy":"post_tag","embeddable":true,"href":"https:\/\/www.forum-soegel.de\/information\/wp-json\/wp\/v2\/tags?post=30288"}],"curies":[{"name":"wp","href":"https:\/\/api.w.org\/{rel}","templated":true}]}}