{"id":30277,"date":"2021-02-01T15:45:03","date_gmt":"2021-02-01T14:45:03","guid":{"rendered":"https:\/\/www.forum-soegel.de\/information\/?p=30277"},"modified":"2021-02-01T15:45:04","modified_gmt":"2021-02-01T14:45:04","slug":"25-jaehriges-dienstjubilaeum-im-familienzentrum-st-jakobus-2","status":"publish","type":"post","link":"https:\/\/www.forum-soegel.de\/information\/2021\/02\/25-jaehriges-dienstjubilaeum-im-familienzentrum-st-jakobus-2\/","title":{"rendered":"25-j\u00e4hriges Dienstjubil\u00e4um im Familienzentrum St. Jakobus"},"content":{"rendered":"\n<p>S\u00f6gel &#8211; Auf 25 Jahre T\u00e4tigkeit konnte Frau Lora Jerke als Raumpflegerin in der kath. Kindertagesst\u00e4tte zur\u00fcckblicken. Die Leitung Frau Irmgard Welling dankte ihr sehr herzlich f\u00fcr die Treue zum Haus. Zu den Gratulanten geh\u00f6rte auch die MAV Vertretung Frau Marion Graf. Sie w\u00fcnschte der Jubilarin weiterhin ein gutes Miteinander, viel Gesundheit und frohe Jahre in der Einrichtung.<\/p>\n\n\n\n<p>Text: Irmgard Welling<\/p>\n\n\n\n<p>Foto: Larissa Wind<\/p>\n\n\n\n<figure class=\"wp-block-gallery columns-1 is-cropped wp-block-gallery-1 is-layout-flex wp-block-gallery-is-layout-flex\"><ul class=\"blocks-gallery-grid\"><li class=\"blocks-gallery-item\"><figure><a href=\"https:\/\/www.forum-soegel.de\/information\/wp-content\/uploads\/2021\/02\/25-Jaehriges-Dienstjubilaeum-im-Familienzentrum-St.-Jakobus-1.jpg\"><img loading=\"lazy\" decoding=\"async\" width=\"1024\" height=\"709\" src=\"https:\/\/www.forum-soegel.de\/information\/wp-content\/uploads\/2021\/02\/25-Jaehriges-Dienstjubilaeum-im-Familienzentrum-St.-Jakobus-1.jpg\" alt=\"\" data-id=\"30278\" data-full-url=\"https:\/\/www.forum-soegel.de\/information\/wp-content\/uploads\/2021\/02\/25-Jaehriges-Dienstjubilaeum-im-Familienzentrum-St.-Jakobus-1.jpg\" data-link=\"https:\/\/www.forum-soegel.de\/information\/?attachment_id=30278\" class=\"wp-image-30278\" srcset=\"https:\/\/www.forum-soegel.de\/information\/wp-content\/uploads\/2021\/02\/25-Jaehriges-Dienstjubilaeum-im-Familienzentrum-St.-Jakobus-1.jpg 1024w, https:\/\/www.forum-soegel.de\/information\/wp-content\/uploads\/2021\/02\/25-Jaehriges-Dienstjubilaeum-im-Familienzentrum-St.-Jakobus-1-300x208.jpg 300w, https:\/\/www.forum-soegel.de\/information\/wp-content\/uploads\/2021\/02\/25-Jaehriges-Dienstjubilaeum-im-Familienzentrum-St.-Jakobus-1-768x532.jpg 768w\" sizes=\"auto, (max-width: 1024px) 100vw, 1024px\" \/><\/a><\/figure><\/li><\/ul><\/figure>\n","protected":false},"excerpt":{"rendered":"S\u00f6gel &#8211; Auf 25 Jahre T\u00e4tigkeit konnte Frau Lora Jerke als Raumpflegerin in der kath. Kindertagesst\u00e4tte zur\u00fcckblicken. Die Leitung Frau Irmgard Welling dankte ihr sehr herzlich f\u00fcr die Treue zum Haus. Zu den Gratulanten geh\u00f6rte auch die MAV Vertretung Frau Marion Graf. Sie w\u00fcnschte der Jubilarin weiterhin ein gutes Miteinander, viel Gesundheit und frohe Jahre [&hellip;]\n","protected":false},"author":2,"featured_media":0,"comment_status":"closed","ping_status":"closed","sticky":false,"template":"","format":"standard","meta":{"ngg_post_thumbnail":0,"footnotes":""},"categories":[868],"tags":[],"class_list":["post-30277","post","type-post","status-publish","format-standard","hentry","category-zwischen-himmel-und-erde"],"_links":{"self":[{"href":"https:\/\/www.forum-soegel.de\/information\/wp-json\/wp\/v2\/posts\/30277","targetHints":{"allow":["GET"]}}],"collection":[{"href":"https:\/\/www.forum-soegel.de\/information\/wp-json\/wp\/v2\/posts"}],"about":[{"href":"https:\/\/www.forum-soegel.de\/information\/wp-json\/wp\/v2\/types\/post"}],"author":[{"embeddable":true,"href":"https:\/\/www.forum-soegel.de\/information\/wp-json\/wp\/v2\/users\/2"}],"replies":[{"embeddable":true,"href":"https:\/\/www.forum-soegel.de\/information\/wp-json\/wp\/v2\/comments?post=30277"}],"version-history":[{"count":1,"href":"https:\/\/www.forum-soegel.de\/information\/wp-json\/wp\/v2\/posts\/30277\/revisions"}],"predecessor-version":[{"id":30279,"href":"https:\/\/www.forum-soegel.de\/information\/wp-json\/wp\/v2\/posts\/30277\/revisions\/30279"}],"wp:attachment":[{"href":"https:\/\/www.forum-soegel.de\/information\/wp-json\/wp\/v2\/media?parent=30277"}],"wp:term":[{"taxonomy":"category","embeddable":true,"href":"https:\/\/www.forum-soegel.de\/information\/wp-json\/wp\/v2\/categories?post=30277"},{"taxonomy":"post_tag","embeddable":true,"href":"https:\/\/www.forum-soegel.de\/information\/wp-json\/wp\/v2\/tags?post=30277"}],"curies":[{"name":"wp","href":"https:\/\/api.w.org\/{rel}","templated":true}]}}