{"id":30189,"date":"2021-01-05T15:13:09","date_gmt":"2021-01-05T14:13:09","guid":{"rendered":"https:\/\/www.forum-soegel.de\/information\/?p=30189"},"modified":"2021-01-05T15:13:11","modified_gmt":"2021-01-05T14:13:11","slug":"mitarbeiter-sammeln-fuer-den-guten-zweck","status":"publish","type":"post","link":"https:\/\/www.forum-soegel.de\/information\/2021\/01\/mitarbeiter-sammeln-fuer-den-guten-zweck\/","title":{"rendered":"Mitarbeiter sammeln f\u00fcr den guten Zweck"},"content":{"rendered":"\n<p><strong>Raiffeisenbank Ems-Vechte eG spendet f\u00fcr Paulinchen e. V.<\/strong><\/p>\n\n\n\n<p>Klein Ber\u00dfen &#8211; \u201eWas einer allein nicht schafft, das schaffen viele\u201c \u2013 das ist das Motto der Volks- und Raiffeisenbanken. Diesen Grundsatz haben sich die Mitarbeiter der Raiffeisenbank Ems-Vechte eG zu Herzen genommen und eine Spendenaktion f\u00fcr Paulinchen, dem Verein f\u00fcr brandverletzte Kinder, gestartet.<\/p>\n\n\n\n<p>Alles begann mit der Challenge \u201eTriff das Gl\u00fcck\u201c, der Spendenaktion des nieders\u00e4chsischen Landesinnungsverbands f\u00fcr das Schornsteinfegerhandwerk, bei der sich die Schornsteinfeger gegenseitig nominieren und f\u00fcr Paulinchen e. V. spenden. Nun war Leo Menger, Feuerwehrmann und Leiter der IT bei der Raiffeisenbank Ems-Vechte eG mit dem angeschlossenen Warengesch\u00e4ft Raiffeisen Ems-Vechte, nominiert worden.<\/p>\n\n\n\n<p>&nbsp;In einem spannenden Video (Link:https:\/\/www.youtube.com\/watch?v=KCABNAtWFNU) warf der stellvertretende Brandabschnittsleiter des Brandabschnitts Mitte der Kreisfeuerwehr Emsland den Leinenbesen vom Geb\u00e4ude der Raiffeisen Ems-Vechte in Hasel\u00fcnne aus 20 Meter H\u00f6he und traf den Schornsteinfegerzylinder. Alle Mitarbeiter waren begeistert von dem Video und teilten es in den sozialen Netzwerken. Dann kam Markus Freese; Mitarbeiter der Abteilung N\u00e4hrstoffb\u00f6rse der Raiffeisen Ems-Vechte in Hasel\u00fcnne ins Spiel. Er erinnerte sich an das Motto \u201eWas einer allein nicht schafft, das schaffen viele\u201c und rief die Mitarbeiterspendenaktion ins Leben.<\/p>\n\n\n\n<p>Alle Mitarbeiter konnten bis Mitte November ihre Spende f\u00fcr Paulinchen e. V. abgeben. Insgesamt kamen so 730 Euro zusammen. Der Vorstand machte die Summe rund und stockte auf 1.000 Euro auf.<\/p>\n\n\n\n<p>Text\/Foto: Raiffeisenbank Ems-Vechte eG<\/p>\n\n\n\n<figure class=\"wp-block-gallery columns-1 is-cropped wp-block-gallery-1 is-layout-flex wp-block-gallery-is-layout-flex\"><ul class=\"blocks-gallery-grid\"><li class=\"blocks-gallery-item\"><figure><a href=\"https:\/\/www.forum-soegel.de\/information\/wp-content\/uploads\/2021\/01\/Mitarbeiter-sammeln-fuer-den-guten-Zweck-1.jpg\"><img loading=\"lazy\" decoding=\"async\" width=\"1024\" height=\"668\" src=\"https:\/\/www.forum-soegel.de\/information\/wp-content\/uploads\/2021\/01\/Mitarbeiter-sammeln-fuer-den-guten-Zweck-1.jpg\" alt=\"\" data-id=\"30190\" data-full-url=\"https:\/\/www.forum-soegel.de\/information\/wp-content\/uploads\/2021\/01\/Mitarbeiter-sammeln-fuer-den-guten-Zweck-1.jpg\" data-link=\"https:\/\/www.forum-soegel.de\/information\/?attachment_id=30190\" class=\"wp-image-30190\" srcset=\"https:\/\/www.forum-soegel.de\/information\/wp-content\/uploads\/2021\/01\/Mitarbeiter-sammeln-fuer-den-guten-Zweck-1.jpg 1024w, https:\/\/www.forum-soegel.de\/information\/wp-content\/uploads\/2021\/01\/Mitarbeiter-sammeln-fuer-den-guten-Zweck-1-300x196.jpg 300w, https:\/\/www.forum-soegel.de\/information\/wp-content\/uploads\/2021\/01\/Mitarbeiter-sammeln-fuer-den-guten-Zweck-1-768x501.jpg 768w\" sizes=\"auto, (max-width: 1024px) 100vw, 1024px\" \/><\/a><\/figure><\/li><\/ul><figcaption class=\"blocks-gallery-caption\">Mitarbeiterspendenaktion \u2013 Leo Menger (Vordergrund) und Markus Freese \u00fcberreichen stellvertretend f\u00fcr ihre Kollegen den symbolischen Scheck f\u00fcr Paulinchen e. V. in der Hand.<br>Im Hintergrund sind die Bankvorst\u00e4nde (v. l.) Josef Mescher und Andreas Terfehr.<\/figcaption><\/figure>\n","protected":false},"excerpt":{"rendered":"Raiffeisenbank Ems-Vechte eG spendet f\u00fcr Paulinchen e. V. Klein Ber\u00dfen &#8211; \u201eWas einer allein nicht schafft, das schaffen viele\u201c \u2013 das ist das Motto der Volks- und Raiffeisenbanken. Diesen Grundsatz haben sich die Mitarbeiter der Raiffeisenbank Ems-Vechte eG zu Herzen genommen und eine Spendenaktion f\u00fcr Paulinchen, dem Verein f\u00fcr brandverletzte Kinder, gestartet. Alles begann mit [&hellip;]\n","protected":false},"author":2,"featured_media":0,"comment_status":"closed","ping_status":"closed","sticky":false,"template":"","format":"standard","meta":{"ngg_post_thumbnail":0,"footnotes":""},"categories":[4],"tags":[],"class_list":["post-30189","post","type-post","status-publish","format-standard","hentry","category-aus-der-geschaftswelt"],"_links":{"self":[{"href":"https:\/\/www.forum-soegel.de\/information\/wp-json\/wp\/v2\/posts\/30189","targetHints":{"allow":["GET"]}}],"collection":[{"href":"https:\/\/www.forum-soegel.de\/information\/wp-json\/wp\/v2\/posts"}],"about":[{"href":"https:\/\/www.forum-soegel.de\/information\/wp-json\/wp\/v2\/types\/post"}],"author":[{"embeddable":true,"href":"https:\/\/www.forum-soegel.de\/information\/wp-json\/wp\/v2\/users\/2"}],"replies":[{"embeddable":true,"href":"https:\/\/www.forum-soegel.de\/information\/wp-json\/wp\/v2\/comments?post=30189"}],"version-history":[{"count":1,"href":"https:\/\/www.forum-soegel.de\/information\/wp-json\/wp\/v2\/posts\/30189\/revisions"}],"predecessor-version":[{"id":30191,"href":"https:\/\/www.forum-soegel.de\/information\/wp-json\/wp\/v2\/posts\/30189\/revisions\/30191"}],"wp:attachment":[{"href":"https:\/\/www.forum-soegel.de\/information\/wp-json\/wp\/v2\/media?parent=30189"}],"wp:term":[{"taxonomy":"category","embeddable":true,"href":"https:\/\/www.forum-soegel.de\/information\/wp-json\/wp\/v2\/categories?post=30189"},{"taxonomy":"post_tag","embeddable":true,"href":"https:\/\/www.forum-soegel.de\/information\/wp-json\/wp\/v2\/tags?post=30189"}],"curies":[{"name":"wp","href":"https:\/\/api.w.org\/{rel}","templated":true}]}}