{"id":30186,"date":"2021-01-05T15:11:21","date_gmt":"2021-01-05T14:11:21","guid":{"rendered":"https:\/\/www.forum-soegel.de\/information\/?p=30186"},"modified":"2021-01-05T15:11:23","modified_gmt":"2021-01-05T14:11:23","slug":"mehr-sicherheit-in-der-dunklen-jahreszeit","status":"publish","type":"post","link":"https:\/\/www.forum-soegel.de\/information\/2021\/01\/mehr-sicherheit-in-der-dunklen-jahreszeit\/","title":{"rendered":"Mehr Sicherheit in der dunklen Jahreszeit"},"content":{"rendered":"\n<p><strong>Raiffeisenbank Ems-Vechte eG stattet Kindergarten- und Schulkinder mit reflektierenden Westen aus<\/strong><\/p>\n\n\n\n<p>Klein Ber\u00dfen &#8211; Wenn sich im Winter Kinder auf den Weg zur Schule oder zum Kindergarten machen, ist es oft sehr dunkel. Deshalb ist es umso wichtiger, dass die kleinen Verkehrsteilnehmer gut gesehen werden. Die Raiffeisenbank Ems-Vechte eG stattet dazu die Kinderg\u00e4rten und Grundschulen in der Umgebung jetzt wieder mit reflektierenden Sicherheitskragen aus.<\/p>\n\n\n\n<p>In diesem Winter verteilen die Mitarbeiter der Raiffeisenbank Ems-Vechte eG insgesamt \u00fcber 400 der Sicherheitskragen an die Kinderg\u00e4rten und Schulen in Ber\u00dfen, Lahn, S\u00f6gel, Spahnharrenst\u00e4tte, Stavern und Werpeloh. Nachdem die Vergabe schon Tradition hat, sind die Einrichtungen gut ausgestattet, sodass jedes Jahr der Neuzuwachs die Sicherheitswesten bekommt. So erhalten im Kath. Kindergarten Regenbogenland in Gro\u00df Ber\u00dfen, im Kath. Kindergarten St. Vitus in Lahn, im Kindergarten St. Johannes der T\u00e4ufer in Spahnharrenst\u00e4tte, im Kindergarten Arche Noah, im Familienzentrum St. Jakobus, im Kindergarten Kunterbunt sowie in der Kindertagesst\u00e4tte Sonnenh\u00fcgel in S\u00f6gel alle Kindergartenkinder eine Sicherheitsweste, die im Sommer gestartet sind.<\/p>\n\n\n\n<p>Au\u00dferdem bekommen die Erstkl\u00e4ssler der Grundschule S\u00fcd-H\u00fcmmling in Klein Ber\u00dfen, der Grundschule Lahn sowie der Grundschule Werpeloh die reflektierenden Westen.<\/p>\n\n\n\n<p>Text\/Foto:Raiffeisenbank Ems-Vechte eG<\/p>\n\n\n\n<figure class=\"wp-block-gallery columns-1 is-cropped wp-block-gallery-1 is-layout-flex wp-block-gallery-is-layout-flex\"><ul class=\"blocks-gallery-grid\"><li class=\"blocks-gallery-item\"><figure><a href=\"https:\/\/www.forum-soegel.de\/information\/wp-content\/uploads\/2021\/01\/Mehr-Sicherheit-in-der-dunklen-Jahreszeit-1.jpg\"><img loading=\"lazy\" decoding=\"async\" width=\"1024\" height=\"679\" src=\"https:\/\/www.forum-soegel.de\/information\/wp-content\/uploads\/2021\/01\/Mehr-Sicherheit-in-der-dunklen-Jahreszeit-1.jpg\" alt=\"\" data-id=\"30187\" data-full-url=\"https:\/\/www.forum-soegel.de\/information\/wp-content\/uploads\/2021\/01\/Mehr-Sicherheit-in-der-dunklen-Jahreszeit-1.jpg\" data-link=\"https:\/\/www.forum-soegel.de\/information\/?attachment_id=30187\" class=\"wp-image-30187\" srcset=\"https:\/\/www.forum-soegel.de\/information\/wp-content\/uploads\/2021\/01\/Mehr-Sicherheit-in-der-dunklen-Jahreszeit-1.jpg 1024w, https:\/\/www.forum-soegel.de\/information\/wp-content\/uploads\/2021\/01\/Mehr-Sicherheit-in-der-dunklen-Jahreszeit-1-300x199.jpg 300w, https:\/\/www.forum-soegel.de\/information\/wp-content\/uploads\/2021\/01\/Mehr-Sicherheit-in-der-dunklen-Jahreszeit-1-768x509.jpg 768w\" sizes=\"auto, (max-width: 1024px) 100vw, 1024px\" \/><\/a><figcaption class=\"blocks-gallery-item__caption\">Auch bei Dunkelheit gut sichtbar \u2013 die \u201eKleinsten\u201c vom Kath. Kindergarten Regenbogenland in Gro\u00df Ber\u00dfen.<\/figcaption><\/figure><\/li><\/ul><figcaption class=\"blocks-gallery-caption\">Auch bei Dunkelheit gut sichtbar \u2013 die \u201eKleinsten\u201c vom Kath. Kindergarten Regenbogenland in Gro\u00df Ber\u00dfen.<\/figcaption><\/figure>\n","protected":false},"excerpt":{"rendered":"Raiffeisenbank Ems-Vechte eG stattet Kindergarten- und Schulkinder mit reflektierenden Westen aus Klein Ber\u00dfen &#8211; Wenn sich im Winter Kinder auf den Weg zur Schule oder zum Kindergarten machen, ist es oft sehr dunkel. Deshalb ist es umso wichtiger, dass die kleinen Verkehrsteilnehmer gut gesehen werden. Die Raiffeisenbank Ems-Vechte eG stattet dazu die Kinderg\u00e4rten und Grundschulen [&hellip;]\n","protected":false},"author":2,"featured_media":0,"comment_status":"closed","ping_status":"closed","sticky":false,"template":"","format":"standard","meta":{"ngg_post_thumbnail":0,"footnotes":""},"categories":[4],"tags":[],"class_list":["post-30186","post","type-post","status-publish","format-standard","hentry","category-aus-der-geschaftswelt"],"_links":{"self":[{"href":"https:\/\/www.forum-soegel.de\/information\/wp-json\/wp\/v2\/posts\/30186","targetHints":{"allow":["GET"]}}],"collection":[{"href":"https:\/\/www.forum-soegel.de\/information\/wp-json\/wp\/v2\/posts"}],"about":[{"href":"https:\/\/www.forum-soegel.de\/information\/wp-json\/wp\/v2\/types\/post"}],"author":[{"embeddable":true,"href":"https:\/\/www.forum-soegel.de\/information\/wp-json\/wp\/v2\/users\/2"}],"replies":[{"embeddable":true,"href":"https:\/\/www.forum-soegel.de\/information\/wp-json\/wp\/v2\/comments?post=30186"}],"version-history":[{"count":1,"href":"https:\/\/www.forum-soegel.de\/information\/wp-json\/wp\/v2\/posts\/30186\/revisions"}],"predecessor-version":[{"id":30188,"href":"https:\/\/www.forum-soegel.de\/information\/wp-json\/wp\/v2\/posts\/30186\/revisions\/30188"}],"wp:attachment":[{"href":"https:\/\/www.forum-soegel.de\/information\/wp-json\/wp\/v2\/media?parent=30186"}],"wp:term":[{"taxonomy":"category","embeddable":true,"href":"https:\/\/www.forum-soegel.de\/information\/wp-json\/wp\/v2\/categories?post=30186"},{"taxonomy":"post_tag","embeddable":true,"href":"https:\/\/www.forum-soegel.de\/information\/wp-json\/wp\/v2\/tags?post=30186"}],"curies":[{"name":"wp","href":"https:\/\/api.w.org\/{rel}","templated":true}]}}