{"id":30183,"date":"2021-01-05T15:08:34","date_gmt":"2021-01-05T14:08:34","guid":{"rendered":"https:\/\/www.forum-soegel.de\/information\/?p=30183"},"modified":"2021-01-05T15:08:36","modified_gmt":"2021-01-05T14:08:36","slug":"die-firma-ten-kate-beteiligt-sich-am-soegeler-projekt-soegel-summt","status":"publish","type":"post","link":"https:\/\/www.forum-soegel.de\/information\/2021\/01\/die-firma-ten-kate-beteiligt-sich-am-soegeler-projekt-soegel-summt\/","title":{"rendered":"Die Firma Ten Kate beteiligt sich am S\u00f6geler Projekt \u201eS\u00f6gel summt\u201c"},"content":{"rendered":"\n<p>S\u00f6gel &#8211;&nbsp; Im kommenden Fr\u00fchjahr wird es auf dem Gel\u00e4nde der Firma Ten Kate aus S\u00f6gel \u201esummen\u201c. Auf einer 5000 Quadratmeter gro\u00dfen Fl\u00e4che wurde unter fachkundiger Leitung im Rahmen des Projektes \u201eS\u00f6gel summt\u201c eine Blumenwiese mit regionalem Saatgut angelegt. Dieses Saatgut ist abgestimmt auf hiesige Insekten- und Pflanzenwelt f\u00fcr den langfristigen Erfolg, erkl\u00e4rte Projektleiterin Maria Dierkes (Ingenieurin f\u00fcr Gartenbau, FH) bei der \u00dcbergabe des Projektschildes. Selbst Hand angelegt beim Eins\u00e4en haben die Mitarbeiter von Ten Kate, die mit ihrem landwirtschaftlichen \u201eKnow-how\u201c Dierkes beeindruckten. Andreas Bruns (Gesch\u00e4ftsf\u00fchrer, links), und Bernd Wahoff (Hauptinitiator) erkl\u00e4rten, dass sie von dem Projekt geh\u00f6rt h\u00e4tten und sofort bereit gewesen seien, dieses zu unterst\u00fctzen. \u201eWir wollen dazu beitragen, dass sich vielerlei Arten von Insekten auf unserem Grundst\u00fcck wohl f\u00fchlen.\u201c Dierkes informierte in diesem Zusammenhang, dass das Projekt \u201eS\u00f6gel summt\u201c weiterhin unterst\u00fctzt werden kann. Mitstreiter, sowohl von privat als auch gewerblich genutzten Fl\u00e4chen, k\u00f6nnen sich direkt an Dierkes wenden. Dann erhalten sie nicht nur fachliche Unterst\u00fctzung, sondern auch gleich das passende Saatgut dazu.<\/p>\n\n\n\n<p>Text\/Foto: Gemeinde S\u00f6gel<\/p>\n\n\n\n<figure class=\"wp-block-gallery columns-1 is-cropped wp-block-gallery-1 is-layout-flex wp-block-gallery-is-layout-flex\"><ul class=\"blocks-gallery-grid\"><li class=\"blocks-gallery-item\"><figure><a href=\"https:\/\/www.forum-soegel.de\/information\/wp-content\/uploads\/2021\/01\/Die-Firma-Ten-Kate-beteiligt-sich-am-Soegeler-Projekt-\u201eSoegel-summt-1.jpg\"><img loading=\"lazy\" decoding=\"async\" width=\"1024\" height=\"768\" src=\"https:\/\/www.forum-soegel.de\/information\/wp-content\/uploads\/2021\/01\/Die-Firma-Ten-Kate-beteiligt-sich-am-Soegeler-Projekt-\u201eSoegel-summt-1.jpg\" alt=\"\" data-id=\"30184\" data-full-url=\"https:\/\/www.forum-soegel.de\/information\/wp-content\/uploads\/2021\/01\/Die-Firma-Ten-Kate-beteiligt-sich-am-Soegeler-Projekt-\u201eSoegel-summt-1.jpg\" data-link=\"https:\/\/www.forum-soegel.de\/information\/?attachment_id=30184\" class=\"wp-image-30184\" srcset=\"https:\/\/www.forum-soegel.de\/information\/wp-content\/uploads\/2021\/01\/Die-Firma-Ten-Kate-beteiligt-sich-am-Soegeler-Projekt-\u201eSoegel-summt-1.jpg 1024w, https:\/\/www.forum-soegel.de\/information\/wp-content\/uploads\/2021\/01\/Die-Firma-Ten-Kate-beteiligt-sich-am-Soegeler-Projekt-\u201eSoegel-summt-1-300x225.jpg 300w, https:\/\/www.forum-soegel.de\/information\/wp-content\/uploads\/2021\/01\/Die-Firma-Ten-Kate-beteiligt-sich-am-Soegeler-Projekt-\u201eSoegel-summt-1-768x576.jpg 768w\" sizes=\"auto, (max-width: 1024px) 100vw, 1024px\" \/><\/a><\/figure><\/li><\/ul><\/figure>\n","protected":false},"excerpt":{"rendered":"S\u00f6gel &#8211;&nbsp; Im kommenden Fr\u00fchjahr wird es auf dem Gel\u00e4nde der Firma Ten Kate aus S\u00f6gel \u201esummen\u201c. Auf einer 5000 Quadratmeter gro\u00dfen Fl\u00e4che wurde unter fachkundiger Leitung im Rahmen des Projektes \u201eS\u00f6gel summt\u201c eine Blumenwiese mit regionalem Saatgut angelegt. Dieses Saatgut ist abgestimmt auf hiesige Insekten- und Pflanzenwelt f\u00fcr den langfristigen Erfolg, erkl\u00e4rte Projektleiterin Maria [&hellip;]\n","protected":false},"author":2,"featured_media":0,"comment_status":"closed","ping_status":"closed","sticky":false,"template":"","format":"standard","meta":{"ngg_post_thumbnail":0,"footnotes":""},"categories":[4],"tags":[],"class_list":["post-30183","post","type-post","status-publish","format-standard","hentry","category-aus-der-geschaftswelt"],"_links":{"self":[{"href":"https:\/\/www.forum-soegel.de\/information\/wp-json\/wp\/v2\/posts\/30183","targetHints":{"allow":["GET"]}}],"collection":[{"href":"https:\/\/www.forum-soegel.de\/information\/wp-json\/wp\/v2\/posts"}],"about":[{"href":"https:\/\/www.forum-soegel.de\/information\/wp-json\/wp\/v2\/types\/post"}],"author":[{"embeddable":true,"href":"https:\/\/www.forum-soegel.de\/information\/wp-json\/wp\/v2\/users\/2"}],"replies":[{"embeddable":true,"href":"https:\/\/www.forum-soegel.de\/information\/wp-json\/wp\/v2\/comments?post=30183"}],"version-history":[{"count":1,"href":"https:\/\/www.forum-soegel.de\/information\/wp-json\/wp\/v2\/posts\/30183\/revisions"}],"predecessor-version":[{"id":30185,"href":"https:\/\/www.forum-soegel.de\/information\/wp-json\/wp\/v2\/posts\/30183\/revisions\/30185"}],"wp:attachment":[{"href":"https:\/\/www.forum-soegel.de\/information\/wp-json\/wp\/v2\/media?parent=30183"}],"wp:term":[{"taxonomy":"category","embeddable":true,"href":"https:\/\/www.forum-soegel.de\/information\/wp-json\/wp\/v2\/categories?post=30183"},{"taxonomy":"post_tag","embeddable":true,"href":"https:\/\/www.forum-soegel.de\/information\/wp-json\/wp\/v2\/tags?post=30183"}],"curies":[{"name":"wp","href":"https:\/\/api.w.org\/{rel}","templated":true}]}}