{"id":30180,"date":"2021-01-05T15:07:32","date_gmt":"2021-01-05T14:07:32","guid":{"rendered":"https:\/\/www.forum-soegel.de\/information\/?p=30180"},"modified":"2021-01-05T15:07:34","modified_gmt":"2021-01-05T14:07:34","slug":"autohaus-bartels-unterstuetzt-soegeler-gastronomie-hybrid-fahrzeuge-fuer-lieferservice-gesponsert","status":"publish","type":"post","link":"https:\/\/www.forum-soegel.de\/information\/2021\/01\/autohaus-bartels-unterstuetzt-soegeler-gastronomie-hybrid-fahrzeuge-fuer-lieferservice-gesponsert\/","title":{"rendered":"Autohaus Bartels unterst\u00fctzt S\u00f6geler Gastronomie -Hybrid-Fahrzeuge f\u00fcr Lieferservice gesponsert"},"content":{"rendered":"\n<p>S\u00f6gel &#8211; \u201eWir m\u00f6chten in dieser schwierigen Zeit die S\u00f6geler Gastronomie nachhaltig unterst\u00fctzen\u201c, sagte Gesch\u00e4ftsf\u00fchrer Carsten Bartels bei der \u00dcbergabe von vier Hybrid-Fahrzeugen an die Inhaber und Mitarbeiter \u00f6rtlicher Restaurants. Da die PKW weitgehend elektrisch angetrieben werden, k\u00f6nne der Lieferservice umweltfreundlich erfolgen.<\/p>\n\n\n\n<p>Man habe im Autohaus Bartels \u00fcberlegt, wie man den gastronomischen Betrieben in der Zeit der angeordneten Schlie\u00dfung \u201eHand in Hand\u201c helfen k\u00f6nne, so Carsten Bartels. Eine gute Alternative sei f\u00fcr einige Inhaber der Au\u00dferhausverkauf der Speisen, verbunden mit dem Angebot der Auslieferung. Damit der Lieferservice aufgebaut oder forciert werden k\u00f6nne, habe man den S\u00f6geler Restaurants die Bereitstellung eines Lieferfahrzeuges vom Typ \u201eMitsubishi Outlander Plug-In-Hybrid 2.2 Basis\u201c angeboten.<\/p>\n\n\n\n<p>Dieses Sponsoring, das alleine vom Autohaus getragen werde, beinhalte nicht nur die kostenlose Nutzung, sondern auch die \u00dcbernahme der Versicherungspr\u00e4mien und die Ausstattung mit Winterreifen. \u201eSie k\u00f6nnen den Wagen behalten, solange der Lockdown andauert, notfalls bis in den M\u00e4rz 2021\u201c, sagte Bartels unter dem Beifall der Nutznie\u00dfer bei der \u00dcbergabe. Von diesem Angebot h\u00e4tten die S\u00f6geler Restaurants \u201eJ\u00e4gerhof\u201c, \u201eMontenegro\u201c, \u201eLotus\u201c und \u201eInternational\u201c Gebrauch gemacht. Die zuk\u00fcnftigen Auslieferungsfahrer wurden gleich an Ort und Stelle in die Fahrzeugtechnik eingewiesen und informiert, wie der elektrische Antrieb sinnvoll genutzt wird.<\/p>\n\n\n\n<p>Das Autohaus Bartels verlagert im Laufe des Monats Dezember den Standort nach und nach von der Sigiltra-Stra\u00dfe in den gro\u00dfz\u00fcgigen Neubau am H\u00fcmmlinger Ring. Ab dem 28.Dezember wolle man die Kunden am neuen Standort begr\u00fc\u00dfen, so Bartels.<\/p>\n\n\n\n<p>Text\/Foto: LB<\/p>\n\n\n\n<figure class=\"wp-block-gallery columns-1 is-cropped wp-block-gallery-1 is-layout-flex wp-block-gallery-is-layout-flex\"><ul class=\"blocks-gallery-grid\"><li class=\"blocks-gallery-item\"><figure><a href=\"https:\/\/www.forum-soegel.de\/information\/wp-content\/uploads\/2021\/01\/Autohaus-Bartels-unterstuetzt-Soegeler-Gastronomie-1.jpg\"><img loading=\"lazy\" decoding=\"async\" width=\"1024\" height=\"683\" src=\"https:\/\/www.forum-soegel.de\/information\/wp-content\/uploads\/2021\/01\/Autohaus-Bartels-unterstuetzt-Soegeler-Gastronomie-1.jpg\" alt=\"\" data-id=\"30181\" data-full-url=\"https:\/\/www.forum-soegel.de\/information\/wp-content\/uploads\/2021\/01\/Autohaus-Bartels-unterstuetzt-Soegeler-Gastronomie-1.jpg\" data-link=\"https:\/\/www.forum-soegel.de\/information\/?attachment_id=30181\" class=\"wp-image-30181\" srcset=\"https:\/\/www.forum-soegel.de\/information\/wp-content\/uploads\/2021\/01\/Autohaus-Bartels-unterstuetzt-Soegeler-Gastronomie-1.jpg 1024w, https:\/\/www.forum-soegel.de\/information\/wp-content\/uploads\/2021\/01\/Autohaus-Bartels-unterstuetzt-Soegeler-Gastronomie-1-300x200.jpg 300w, https:\/\/www.forum-soegel.de\/information\/wp-content\/uploads\/2021\/01\/Autohaus-Bartels-unterstuetzt-Soegeler-Gastronomie-1-768x512.jpg 768w\" sizes=\"auto, (max-width: 1024px) 100vw, 1024px\" \/><\/a><\/figure><\/li><\/ul><figcaption class=\"blocks-gallery-caption\">Mit vier gesponserten Fahrzeugen unterst\u00fctzt das Autohaus Bartels S\u00f6geler Gastronomen beim Auf- und Ausbau des Lieferservice in Zeiten der pandemiebedingten Schlie\u00dfung der Restaurants. Gesch\u00e4ftsf\u00fchrer Carsten Bartels (rechts) \u00fcbergab den Inhabern und Mitarbeitern von vier Restaurants die umweltfreundlichen Wagen.<\/figcaption><\/figure>\n","protected":false},"excerpt":{"rendered":"S\u00f6gel &#8211; \u201eWir m\u00f6chten in dieser schwierigen Zeit die S\u00f6geler Gastronomie nachhaltig unterst\u00fctzen\u201c, sagte Gesch\u00e4ftsf\u00fchrer Carsten Bartels bei der \u00dcbergabe von vier Hybrid-Fahrzeugen an die Inhaber und Mitarbeiter \u00f6rtlicher Restaurants. Da die PKW weitgehend elektrisch angetrieben werden, k\u00f6nne der Lieferservice umweltfreundlich erfolgen. Man habe im Autohaus Bartels \u00fcberlegt, wie man den gastronomischen Betrieben in der [&hellip;]\n","protected":false},"author":2,"featured_media":0,"comment_status":"closed","ping_status":"closed","sticky":false,"template":"","format":"standard","meta":{"ngg_post_thumbnail":0,"footnotes":""},"categories":[4],"tags":[],"class_list":["post-30180","post","type-post","status-publish","format-standard","hentry","category-aus-der-geschaftswelt"],"_links":{"self":[{"href":"https:\/\/www.forum-soegel.de\/information\/wp-json\/wp\/v2\/posts\/30180","targetHints":{"allow":["GET"]}}],"collection":[{"href":"https:\/\/www.forum-soegel.de\/information\/wp-json\/wp\/v2\/posts"}],"about":[{"href":"https:\/\/www.forum-soegel.de\/information\/wp-json\/wp\/v2\/types\/post"}],"author":[{"embeddable":true,"href":"https:\/\/www.forum-soegel.de\/information\/wp-json\/wp\/v2\/users\/2"}],"replies":[{"embeddable":true,"href":"https:\/\/www.forum-soegel.de\/information\/wp-json\/wp\/v2\/comments?post=30180"}],"version-history":[{"count":1,"href":"https:\/\/www.forum-soegel.de\/information\/wp-json\/wp\/v2\/posts\/30180\/revisions"}],"predecessor-version":[{"id":30182,"href":"https:\/\/www.forum-soegel.de\/information\/wp-json\/wp\/v2\/posts\/30180\/revisions\/30182"}],"wp:attachment":[{"href":"https:\/\/www.forum-soegel.de\/information\/wp-json\/wp\/v2\/media?parent=30180"}],"wp:term":[{"taxonomy":"category","embeddable":true,"href":"https:\/\/www.forum-soegel.de\/information\/wp-json\/wp\/v2\/categories?post=30180"},{"taxonomy":"post_tag","embeddable":true,"href":"https:\/\/www.forum-soegel.de\/information\/wp-json\/wp\/v2\/tags?post=30180"}],"curies":[{"name":"wp","href":"https:\/\/api.w.org\/{rel}","templated":true}]}}