{"id":3018,"date":"2010-08-11T20:13:17","date_gmt":"2010-08-11T18:13:17","guid":{"rendered":"https:\/\/www.forum-soegel.de\/information\/?p=3018"},"modified":"2010-08-11T20:13:17","modified_gmt":"2010-08-11T18:13:17","slug":"%e2%80%9egenahte-zeit%e2%80%9c-patchwork-ausstellung-im-ludmillenhof","status":"publish","type":"post","link":"https:\/\/www.forum-soegel.de\/information\/2010\/08\/%e2%80%9egenahte-zeit%e2%80%9c-patchwork-ausstellung-im-ludmillenhof\/","title":{"rendered":"\u201eGen\u00e4hte Zeit\u201c &#8211; Patchwork-Ausstellung im Ludmillenhof"},"content":{"rendered":"<p>Unter dem Titel \u201eGen\u00e4hte Zeit\u201c ist Ende Juni eine Patchwork- und Quilt Ausstellung im Ludmillenhof in S\u00f6gel vom Ersten Samtgemeinderat Hans Nowak er\u00f6ffnet worden. Mit hohem Aufwand hat K\u00fcnstlerin Sandra H\u00e4lbig die farbenfrohen Steppdecken (englisch: Quilts) gefertigt. Mit jeder Decke hat die Neub\u00f6rgeranerin nach eigener Aussage einen bestimmten Punkt in ihrem Leben festgehalten. Dadurch sei es ihr m\u00f6glich gewesen, den unterschiedlichen Gef\u00fchlen und Lebenssituationen Ausdruck zu verleihen.<\/p>\n<p>F\u00fcr die Motivauswahl werde sie meist von der Natur inspiriert. In der Ausstellung sind neben den Quilts auch weitere Textilarbeiten wie Taschen und Beutel zu sehen. Seit 25 Jahren hat sich die studierte Textilwissenschaftlerin dem N\u00e4hen verschrieben. Patchwork-Quilts haben eine lange Tradition: Die Wurzeln liegen nicht &#8211; wie oft vermutet &#8211; nur in den USA, sondern auch auf dem europ\u00e4ischen Kontinent. In Amerika sind die aus vielen verschiedenen Stoffen zusammengen\u00e4hten Decken mittlerweile als Kunstform anerkannt. H\u00e4lbig betonte dennoch, dass die Quilts kein reines Kunstwerk seien, sondern in ihrer Familie durchaus auch praktischen Nutzen f\u00e4nden: \u201eMeine Kinder nutzen sie auch einfach als Kuscheldecken.\u201c Die Ausstellung kann bis zum 1. September von Montag bis Mittwoch von 8 und 17 Uhr, am Donnerstag von 8 bis 18 Uhr sowie am Freitag von 8 bis 13 Uhr im Rathaus besichtigt werden.<\/p>\n<p>Text: IC Foto: Simone Schnase<\/p>\n<p><a href=\"https:\/\/www.forum-soegel.de\/information\/wp-content\/uploads\/2010\/08\/Sandra-H\u00e4lbig.jpg\"><img loading=\"lazy\" decoding=\"async\" class=\"alignnone size-medium wp-image-3019\" title=\"Sandra-H\u00e4lbig\" src=\"https:\/\/www.forum-soegel.de\/information\/wp-content\/uploads\/2010\/08\/Sandra-H\u00e4lbig-225x300.jpg\" alt=\"\" width=\"225\" height=\"300\" srcset=\"https:\/\/www.forum-soegel.de\/information\/wp-content\/uploads\/2010\/08\/Sandra-H\u00e4lbig-225x300.jpg 225w, https:\/\/www.forum-soegel.de\/information\/wp-content\/uploads\/2010\/08\/Sandra-H\u00e4lbig.jpg 576w\" sizes=\"auto, (max-width: 225px) 100vw, 225px\" \/><\/a><\/p>\n","protected":false},"excerpt":{"rendered":"Unter dem Titel \u201eGen\u00e4hte Zeit\u201c ist Ende Juni eine Patchwork- und Quilt Ausstellung im Ludmillenhof in S\u00f6gel vom Ersten Samtgemeinderat Hans Nowak er\u00f6ffnet worden. Mit hohem Aufwand hat K\u00fcnstlerin Sandra H\u00e4lbig die farbenfrohen Steppdecken (englisch: Quilts) gefertigt. Mit jeder Decke hat die Neub\u00f6rgeranerin nach eigener Aussage einen bestimmten Punkt in ihrem Leben festgehalten. Dadurch sei [&hellip;]\n","protected":false},"author":2,"featured_media":0,"comment_status":"closed","ping_status":"closed","sticky":false,"template":"","format":"standard","meta":{"ngg_post_thumbnail":0,"footnotes":""},"categories":[3],"tags":[211,72,414],"class_list":["post-3018","post","type-post","status-publish","format-standard","hentry","category-aktuelles-aus-der-region","tag-ausstellung","tag-ludmillenhof","tag-patchwork"],"_links":{"self":[{"href":"https:\/\/www.forum-soegel.de\/information\/wp-json\/wp\/v2\/posts\/3018","targetHints":{"allow":["GET"]}}],"collection":[{"href":"https:\/\/www.forum-soegel.de\/information\/wp-json\/wp\/v2\/posts"}],"about":[{"href":"https:\/\/www.forum-soegel.de\/information\/wp-json\/wp\/v2\/types\/post"}],"author":[{"embeddable":true,"href":"https:\/\/www.forum-soegel.de\/information\/wp-json\/wp\/v2\/users\/2"}],"replies":[{"embeddable":true,"href":"https:\/\/www.forum-soegel.de\/information\/wp-json\/wp\/v2\/comments?post=3018"}],"version-history":[{"count":1,"href":"https:\/\/www.forum-soegel.de\/information\/wp-json\/wp\/v2\/posts\/3018\/revisions"}],"predecessor-version":[{"id":3020,"href":"https:\/\/www.forum-soegel.de\/information\/wp-json\/wp\/v2\/posts\/3018\/revisions\/3020"}],"wp:attachment":[{"href":"https:\/\/www.forum-soegel.de\/information\/wp-json\/wp\/v2\/media?parent=3018"}],"wp:term":[{"taxonomy":"category","embeddable":true,"href":"https:\/\/www.forum-soegel.de\/information\/wp-json\/wp\/v2\/categories?post=3018"},{"taxonomy":"post_tag","embeddable":true,"href":"https:\/\/www.forum-soegel.de\/information\/wp-json\/wp\/v2\/tags?post=3018"}],"curies":[{"name":"wp","href":"https:\/\/api.w.org\/{rel}","templated":true}]}}