{"id":30171,"date":"2021-01-05T15:02:13","date_gmt":"2021-01-05T14:02:13","guid":{"rendered":"https:\/\/www.forum-soegel.de\/information\/?p=30171"},"modified":"2021-01-05T15:02:14","modified_gmt":"2021-01-05T14:02:14","slug":"skfm-ehrt-verdiente-mitarbeiter-der-soegeler-tafel","status":"publish","type":"post","link":"https:\/\/www.forum-soegel.de\/information\/2021\/01\/skfm-ehrt-verdiente-mitarbeiter-der-soegeler-tafel\/","title":{"rendered":"SKFM ehrt verdiente Mitarbeiter der S\u00f6geler Tafel"},"content":{"rendered":"\n<p>40 Ehrenamtliche helfen bed\u00fcrftigen Menschen<\/p>\n\n\n\n<p>S\u00f6gel &#8211; Im Rahmen einer vorweihnachtlich gestalteten Andacht in der St. Jakobus-Pfarrkirche ehrte der Sozialdienst Katholischer Frauen und M\u00e4nner (SKFM) Papenburg sechs Ehrenamtliche der S\u00f6geler Tafel, die mehr als zehn Jahre den Dienst leisten. Theo Kempkes wurde nach 16-j\u00e4hriger Mitarbeit verabschiedet.<\/p>\n\n\n\n<p>\u201eWir wollen mit der Arbeit der Tafel die Armut ein wenig ertr\u00e4glicher machen\u201c, sagte Vorstandsmitglied Wilhelm Schomaker vom SKFM, durch den die Tafel in S\u00f6gel seit 2010 betreut wird. Schomaker machte in seiner Ansprache deutlich, dass die sinnvolle Verteilung&nbsp; \u00fcbersch\u00fcssiger Lebensmittel gerade in der heutigen Zeit sehr wichtig sei. Man gehe davon aus, dass etwa 16 Prozent der Menschen unterhalb der Armutsgrenzen lebten. In Deutschland gebe es rund 940 Tafeln mit 60. 000 Helfern in 3.000 Ausgabestellen, die ungef\u00e4hr 1,7 Millionen Kunden versorgten. \u201ePro Jahr landen rund 6,7 Millionen Tonnen Lebensmittel im M\u00fcll\u201c, hob Schomaker hervor. Den Tafeln&nbsp; sei es zu verdanken, dass gro\u00dfe Mengen dieser \u00fcbersch\u00fcssigen Lebensmittel bed\u00fcrften Menschen zugef\u00fchrt werden k\u00f6nnten.<\/p>\n\n\n\n<p>Im Jahre 2004 sei durch den Werlter Diakon Hans Bruns die Tafel in S\u00f6gel ins Leben gerufen worden. Von den 40 aktiven Mitarbeiterinnen und Mitarbeitern wolle man sechs \u201edieser Engel\u201c ehren, denn sie h\u00e4tten mehr als zehn Jahre regelm\u00e4\u00dfig den wichtigen Dienst am N\u00e4chsten geleistet. Leni Bunten, Margret Senk, Annemarie Schepers, Helga Vehring, Hermann Feldhaus und Theo Kempkes erhielten von Schomaker und der SKFM-Koordinatorin Annegret Br\u00fcggemann Ehrenurkunden, die von Pfarrer Bernhard Horstmann geweihten h\u00f6lzernen Engel sowie Vogelnistk\u00e4sten, die von Betreuten des Sozialdienstes gebaut worden sind. Besonders dankbar sei man dem auf eigenen Wunsch ausscheidenden 85-j\u00e4hrigen Theo Kempkes, der seit 2004 den Dienst am N\u00e4chsten geleistet habe und mit einem \u201eVergelt\u2019s Gott\u201c verabschiedet wurde.&nbsp;<\/p>\n\n\n\n<p>Pfarrer Bernhard Horstmann ging auf die \u201eandersartige Vorweihnachtskultur\u201c ein und forderte dazu auf, positiv zu denken und zu handeln und Dinge zu tun, \u201edie einem gut tun\u201c. Auch wenn in den Kirchen derzeit nur wenig Platz zur Verf\u00fcgung stehe, so habe das zu mehr Kreativit\u00e4t gef\u00fchrt und der Qualit\u00e4t der Gottesdienste keinen Abbruch getan. Die bevorstehenden Weihnachtsgottesdienste fanden teilweise in k\u00fchlen und kargen Hallen statt und erinnerten daran, dass \u201eder Herr\u201c in einem ebenso kalten und ungem\u00fctlichen Stall zur Welt gekommen sei.<\/p>\n\n\n\n<p>F\u00fcr die besinnliche musikalische Stimmung sorgte Heino B\u00f6ning, der beim SKFM als Gemeindereferent f\u00fcr sozialpastorale Aufgaben t\u00e4tig ist. B\u00f6ning ging besonders auf die jahrelange Zusammenarbeit mit Theo Kempkes (Dich kenne ich nur in Sch\u00fcrze\u201c) ein und bezeichnete dessen Wirken als \u201ealler Ehren wert\u201c. Im Hinblick auf die Pandemie und die Bed\u00fcrftigkeit sagte B\u00f6ning, dass Generationen davor viel Schlimmeres durchgemacht und \u00fcberstanden h\u00e4tten, weil sie die Hoffnung nicht verloren h\u00e4tten.<\/p>\n\n\n\n<p>Text\/Foto: Lambert Brand<\/p>\n\n\n\n<figure class=\"wp-block-gallery columns-1 is-cropped wp-block-gallery-1 is-layout-flex wp-block-gallery-is-layout-flex\"><ul class=\"blocks-gallery-grid\"><li class=\"blocks-gallery-item\"><figure><a href=\"https:\/\/www.forum-soegel.de\/information\/wp-content\/uploads\/2021\/01\/SKFM-ehrt-verdiente-Mitarbeiter-der-Soegeler-Tafel-1.jpg\"><img loading=\"lazy\" decoding=\"async\" width=\"1024\" height=\"536\" src=\"https:\/\/www.forum-soegel.de\/information\/wp-content\/uploads\/2021\/01\/SKFM-ehrt-verdiente-Mitarbeiter-der-Soegeler-Tafel-1.jpg\" alt=\"\" data-id=\"30172\" data-full-url=\"https:\/\/www.forum-soegel.de\/information\/wp-content\/uploads\/2021\/01\/SKFM-ehrt-verdiente-Mitarbeiter-der-Soegeler-Tafel-1.jpg\" data-link=\"https:\/\/www.forum-soegel.de\/information\/?attachment_id=30172\" class=\"wp-image-30172\" srcset=\"https:\/\/www.forum-soegel.de\/information\/wp-content\/uploads\/2021\/01\/SKFM-ehrt-verdiente-Mitarbeiter-der-Soegeler-Tafel-1.jpg 1024w, https:\/\/www.forum-soegel.de\/information\/wp-content\/uploads\/2021\/01\/SKFM-ehrt-verdiente-Mitarbeiter-der-Soegeler-Tafel-1-300x157.jpg 300w, https:\/\/www.forum-soegel.de\/information\/wp-content\/uploads\/2021\/01\/SKFM-ehrt-verdiente-Mitarbeiter-der-Soegeler-Tafel-1-768x402.jpg 768w\" sizes=\"auto, (max-width: 1024px) 100vw, 1024px\" \/><\/a><\/figure><\/li><\/ul><figcaption class=\"blocks-gallery-caption\">Ehrungen und eine Verabschiedung durch den SKFM bei der S\u00f6geler Tafel: Unser Bild zeigt von links Annemarie Schepers, Heino B\u00f6ning, Leni Bunten, Pfarrer Bernhard Horstmann, Theo Kempkes, Annegret Br\u00fcggemann, Margret Senk, Wilhelm Schomaker, Hermann Feldhaus und Helga Vehring.<\/figcaption><\/figure>\n","protected":false},"excerpt":{"rendered":"40 Ehrenamtliche helfen bed\u00fcrftigen Menschen S\u00f6gel &#8211; Im Rahmen einer vorweihnachtlich gestalteten Andacht in der St. Jakobus-Pfarrkirche ehrte der Sozialdienst Katholischer Frauen und M\u00e4nner (SKFM) Papenburg sechs Ehrenamtliche der S\u00f6geler Tafel, die mehr als zehn Jahre den Dienst leisten. Theo Kempkes wurde nach 16-j\u00e4hriger Mitarbeit verabschiedet. \u201eWir wollen mit der Arbeit der Tafel die Armut [&hellip;]\n","protected":false},"author":2,"featured_media":0,"comment_status":"closed","ping_status":"closed","sticky":false,"template":"","format":"standard","meta":{"ngg_post_thumbnail":0,"footnotes":""},"categories":[868],"tags":[],"class_list":["post-30171","post","type-post","status-publish","format-standard","hentry","category-zwischen-himmel-und-erde"],"_links":{"self":[{"href":"https:\/\/www.forum-soegel.de\/information\/wp-json\/wp\/v2\/posts\/30171","targetHints":{"allow":["GET"]}}],"collection":[{"href":"https:\/\/www.forum-soegel.de\/information\/wp-json\/wp\/v2\/posts"}],"about":[{"href":"https:\/\/www.forum-soegel.de\/information\/wp-json\/wp\/v2\/types\/post"}],"author":[{"embeddable":true,"href":"https:\/\/www.forum-soegel.de\/information\/wp-json\/wp\/v2\/users\/2"}],"replies":[{"embeddable":true,"href":"https:\/\/www.forum-soegel.de\/information\/wp-json\/wp\/v2\/comments?post=30171"}],"version-history":[{"count":1,"href":"https:\/\/www.forum-soegel.de\/information\/wp-json\/wp\/v2\/posts\/30171\/revisions"}],"predecessor-version":[{"id":30173,"href":"https:\/\/www.forum-soegel.de\/information\/wp-json\/wp\/v2\/posts\/30171\/revisions\/30173"}],"wp:attachment":[{"href":"https:\/\/www.forum-soegel.de\/information\/wp-json\/wp\/v2\/media?parent=30171"}],"wp:term":[{"taxonomy":"category","embeddable":true,"href":"https:\/\/www.forum-soegel.de\/information\/wp-json\/wp\/v2\/categories?post=30171"},{"taxonomy":"post_tag","embeddable":true,"href":"https:\/\/www.forum-soegel.de\/information\/wp-json\/wp\/v2\/tags?post=30171"}],"curies":[{"name":"wp","href":"https:\/\/api.w.org\/{rel}","templated":true}]}}