{"id":30167,"date":"2021-01-05T15:00:41","date_gmt":"2021-01-05T14:00:41","guid":{"rendered":"https:\/\/www.forum-soegel.de\/information\/?p=30167"},"modified":"2021-01-05T15:00:43","modified_gmt":"2021-01-05T14:00:43","slug":"lebendiger-adventskalender-in-stavern","status":"publish","type":"post","link":"https:\/\/www.forum-soegel.de\/information\/2021\/01\/lebendiger-adventskalender-in-stavern\/","title":{"rendered":"Lebendiger Adventskalender in Stavern"},"content":{"rendered":"\n<p>Stavern &#8211; Vor 16 Jahren wurde in der Kirchengemeinde St. Michael Stavern erstmals ein \u201eLebendiger Adventskalender\u201c erstellt. Unter der \u00dcberschrift \u201eLichtblicke im Advent\u201c wurden 24 Fenster von Familien, Vereinen, Schul- und Kindergartenkindern dekoriert und an jedem Abend vom 01. Dezember bis Weihnachten im Rahmen einer kleinen Andacht ge\u00f6ffnet. Viele Gemeindemitglieder fanden sich Abend f\u00fcr Abend zu einer besinnlichen Viertelstunde ein. Diese Aktion wurde in den folgenden Jahren in unregelm\u00e4\u00dfigen Abst\u00e4nden wiederholt.<\/p>\n\n\n\n<p>In diesem Jahr konnten unter der Regie des Pfarrgemeinderates wieder 24 Fenster hergerichtet werden. Leider lie\u00dfen die aktuellen \u201eCorona-Regeln\u201c ein Treffen und eine Andacht vor den Fenstern nicht zu.<\/p>\n\n\n\n<p>Dennoch wurde der \u201eLebendige Adventskalender\u201c durchgef\u00fchrt und an jedem Abend wurde ein Fenster ge\u00f6ffnet. Diese Fenster, die bis Weihnachten dekoriert bleiben, konnten bei Spazierg\u00e4ngen im Rahmen von \u201eAdvents-Routen\u201c aufgesucht werden.<\/p>\n\n\n\n<p>Wie bei der ersten Aktion im Jahre 2004 wurde auch im Jahr 2020 bis zum Weihnachtsfest eine Lichtspur durch den Ort hinterlassen.<\/p>\n\n\n\n<p>Text und Fotos Gerd Rode<\/p>\n\n\n\n<figure class=\"wp-block-gallery columns-2 is-cropped wp-block-gallery-1 is-layout-flex wp-block-gallery-is-layout-flex\"><ul class=\"blocks-gallery-grid\"><li class=\"blocks-gallery-item\"><figure><a href=\"https:\/\/www.forum-soegel.de\/information\/wp-content\/uploads\/2021\/01\/Lebendiger-Adventskalender-in-Stavern-1.jpg\"><img loading=\"lazy\" decoding=\"async\" width=\"1024\" height=\"683\" src=\"https:\/\/www.forum-soegel.de\/information\/wp-content\/uploads\/2021\/01\/Lebendiger-Adventskalender-in-Stavern-1.jpg\" alt=\"\" data-id=\"30169\" data-full-url=\"https:\/\/www.forum-soegel.de\/information\/wp-content\/uploads\/2021\/01\/Lebendiger-Adventskalender-in-Stavern-1.jpg\" data-link=\"https:\/\/www.forum-soegel.de\/information\/?attachment_id=30169\" class=\"wp-image-30169\" srcset=\"https:\/\/www.forum-soegel.de\/information\/wp-content\/uploads\/2021\/01\/Lebendiger-Adventskalender-in-Stavern-1.jpg 1024w, https:\/\/www.forum-soegel.de\/information\/wp-content\/uploads\/2021\/01\/Lebendiger-Adventskalender-in-Stavern-1-300x200.jpg 300w, https:\/\/www.forum-soegel.de\/information\/wp-content\/uploads\/2021\/01\/Lebendiger-Adventskalender-in-Stavern-1-768x512.jpg 768w\" sizes=\"auto, (max-width: 1024px) 100vw, 1024px\" \/><\/a><figcaption class=\"blocks-gallery-item__caption\">Fenster 01. Dez.<\/figcaption><\/figure><\/li><li class=\"blocks-gallery-item\"><figure><a href=\"https:\/\/www.forum-soegel.de\/information\/wp-content\/uploads\/2021\/01\/Lebendiger-Adventskalender-in-Stavern-2.jpg\"><img loading=\"lazy\" decoding=\"async\" width=\"353\" height=\"768\" src=\"https:\/\/www.forum-soegel.de\/information\/wp-content\/uploads\/2021\/01\/Lebendiger-Adventskalender-in-Stavern-2.jpg\" alt=\"\" data-id=\"30168\" data-full-url=\"https:\/\/www.forum-soegel.de\/information\/wp-content\/uploads\/2021\/01\/Lebendiger-Adventskalender-in-Stavern-2.jpg\" data-link=\"https:\/\/www.forum-soegel.de\/information\/?attachment_id=30168\" class=\"wp-image-30168\" srcset=\"https:\/\/www.forum-soegel.de\/information\/wp-content\/uploads\/2021\/01\/Lebendiger-Adventskalender-in-Stavern-2.jpg 353w, https:\/\/www.forum-soegel.de\/information\/wp-content\/uploads\/2021\/01\/Lebendiger-Adventskalender-in-Stavern-2-138x300.jpg 138w\" sizes=\"auto, (max-width: 353px) 100vw, 353px\" \/><\/a><figcaption class=\"blocks-gallery-item__caption\">Fenster 06. Dez.<\/figcaption><\/figure><\/li><\/ul><\/figure>\n","protected":false},"excerpt":{"rendered":"Stavern &#8211; Vor 16 Jahren wurde in der Kirchengemeinde St. Michael Stavern erstmals ein \u201eLebendiger Adventskalender\u201c erstellt. Unter der \u00dcberschrift \u201eLichtblicke im Advent\u201c wurden 24 Fenster von Familien, Vereinen, Schul- und Kindergartenkindern dekoriert und an jedem Abend vom 01. Dezember bis Weihnachten im Rahmen einer kleinen Andacht ge\u00f6ffnet. Viele Gemeindemitglieder fanden sich Abend f\u00fcr Abend [&hellip;]\n","protected":false},"author":2,"featured_media":0,"comment_status":"closed","ping_status":"closed","sticky":false,"template":"","format":"standard","meta":{"ngg_post_thumbnail":0,"footnotes":""},"categories":[868],"tags":[],"class_list":["post-30167","post","type-post","status-publish","format-standard","hentry","category-zwischen-himmel-und-erde"],"_links":{"self":[{"href":"https:\/\/www.forum-soegel.de\/information\/wp-json\/wp\/v2\/posts\/30167","targetHints":{"allow":["GET"]}}],"collection":[{"href":"https:\/\/www.forum-soegel.de\/information\/wp-json\/wp\/v2\/posts"}],"about":[{"href":"https:\/\/www.forum-soegel.de\/information\/wp-json\/wp\/v2\/types\/post"}],"author":[{"embeddable":true,"href":"https:\/\/www.forum-soegel.de\/information\/wp-json\/wp\/v2\/users\/2"}],"replies":[{"embeddable":true,"href":"https:\/\/www.forum-soegel.de\/information\/wp-json\/wp\/v2\/comments?post=30167"}],"version-history":[{"count":1,"href":"https:\/\/www.forum-soegel.de\/information\/wp-json\/wp\/v2\/posts\/30167\/revisions"}],"predecessor-version":[{"id":30170,"href":"https:\/\/www.forum-soegel.de\/information\/wp-json\/wp\/v2\/posts\/30167\/revisions\/30170"}],"wp:attachment":[{"href":"https:\/\/www.forum-soegel.de\/information\/wp-json\/wp\/v2\/media?parent=30167"}],"wp:term":[{"taxonomy":"category","embeddable":true,"href":"https:\/\/www.forum-soegel.de\/information\/wp-json\/wp\/v2\/categories?post=30167"},{"taxonomy":"post_tag","embeddable":true,"href":"https:\/\/www.forum-soegel.de\/information\/wp-json\/wp\/v2\/tags?post=30167"}],"curies":[{"name":"wp","href":"https:\/\/api.w.org\/{rel}","templated":true}]}}