{"id":30161,"date":"2021-01-05T14:56:49","date_gmt":"2021-01-05T13:56:49","guid":{"rendered":"https:\/\/www.forum-soegel.de\/information\/?p=30161"},"modified":"2021-01-05T14:56:51","modified_gmt":"2021-01-05T13:56:51","slug":"kommen-heute-die-omas-und-opas","status":"publish","type":"post","link":"https:\/\/www.forum-soegel.de\/information\/2021\/01\/kommen-heute-die-omas-und-opas\/","title":{"rendered":"Kommen heute die Omas und Opas?"},"content":{"rendered":"\n<p>Die Kinder des Familienzentrums St. Jakobus fragen immer wieder nach unseren \u201eOmas und Opas\u201c!<\/p>\n\n\n\n<p>Die Omas und Opas sind 19 Ehrenamtliche, die uns schon seit 2006 bzw. seit 2014 in unserer Einrichtung besuchen. Die Opas, M\u00e4nner vom M\u00e4nnerchor Harmonie, singen jeden zweiten Mittwoch gemeinsam mit den Kindern Lieder in verschiedenen Sprachen, auf Plattdeutsch oder passend zur Jahreszeit. Sie bringen ihre Instrumente mit und die Kinder lernen, mit Instrumenten umzugehen oder sich nach der Musik zu bewegen.<\/p>\n\n\n\n<p>Weitere ehrenamtliche Omas und Opas kommen jeden Mittwoch und spielen mit den Kindern Gesellschaftsspiele oder lesen ihnen etwas vor. Die Kinder genie\u00dfen jede Minute mit unseren lieben Seniorinnen und Senioren. Viele Kinder haben in S\u00f6gel keine Gro\u00dfeltern, da sie aus anderen L\u00e4ndern kommen und somit ist die Mehrgenerationsbegegnung immens wichtig.<\/p>\n\n\n\n<p>Mitten im M\u00e4rz 2020 traf uns dann die Pandemie und wir mussten uns von liebgewonnenen Traditionen wie den \u201eOma und Opa Tag\u201c am Mittwoch in unserer Kindertagesst\u00e4tte auf unbestimmte Zeit verabschieden.<\/p>\n\n\n\n<p>Nat\u00fcrlich bleiben wir untereinander in Kontakt. Wir haben z.B. kleine Geschenke gebastelt mit Materialien aus dem fairen Handel. Frau Claudia Grote besuchte unsere Ehrenamtlichen, um die Gr\u00fc\u00dfe des Familienzentrums zu \u00fcbermitteln.<\/p>\n\n\n\n<p>Auch zum St. Martinsfest und zu Weihnachten gab es einen Gru\u00df aus der kath. Kindertagesst\u00e4tte.<\/p>\n\n\n\n<p>Text: Irmgard Welling<\/p>\n\n\n\n<p>Foto: Claudia Grote<\/p>\n\n\n\n<figure class=\"wp-block-gallery columns-1 is-cropped wp-block-gallery-1 is-layout-flex wp-block-gallery-is-layout-flex\"><ul class=\"blocks-gallery-grid\"><li class=\"blocks-gallery-item\"><figure><a href=\"https:\/\/www.forum-soegel.de\/information\/wp-content\/uploads\/2021\/01\/Kommen-heute-die-Omas-und-Opas-1.jpg\"><img loading=\"lazy\" decoding=\"async\" width=\"768\" height=\"768\" src=\"https:\/\/www.forum-soegel.de\/information\/wp-content\/uploads\/2021\/01\/Kommen-heute-die-Omas-und-Opas-1.jpg\" alt=\"\" data-id=\"30162\" data-full-url=\"https:\/\/www.forum-soegel.de\/information\/wp-content\/uploads\/2021\/01\/Kommen-heute-die-Omas-und-Opas-1.jpg\" data-link=\"https:\/\/www.forum-soegel.de\/information\/?attachment_id=30162\" class=\"wp-image-30162\" srcset=\"https:\/\/www.forum-soegel.de\/information\/wp-content\/uploads\/2021\/01\/Kommen-heute-die-Omas-und-Opas-1.jpg 768w, https:\/\/www.forum-soegel.de\/information\/wp-content\/uploads\/2021\/01\/Kommen-heute-die-Omas-und-Opas-1-300x300.jpg 300w, https:\/\/www.forum-soegel.de\/information\/wp-content\/uploads\/2021\/01\/Kommen-heute-die-Omas-und-Opas-1-150x150.jpg 150w\" sizes=\"auto, (max-width: 768px) 100vw, 768px\" \/><\/a><\/figure><\/li><\/ul><\/figure>\n","protected":false},"excerpt":{"rendered":"Die Kinder des Familienzentrums St. Jakobus fragen immer wieder nach unseren \u201eOmas und Opas\u201c! Die Omas und Opas sind 19 Ehrenamtliche, die uns schon seit 2006 bzw. seit 2014 in unserer Einrichtung besuchen. Die Opas, M\u00e4nner vom M\u00e4nnerchor Harmonie, singen jeden zweiten Mittwoch gemeinsam mit den Kindern Lieder in verschiedenen Sprachen, auf Plattdeutsch oder passend [&hellip;]\n","protected":false},"author":2,"featured_media":0,"comment_status":"closed","ping_status":"closed","sticky":false,"template":"","format":"standard","meta":{"ngg_post_thumbnail":0,"footnotes":""},"categories":[868],"tags":[],"class_list":["post-30161","post","type-post","status-publish","format-standard","hentry","category-zwischen-himmel-und-erde"],"_links":{"self":[{"href":"https:\/\/www.forum-soegel.de\/information\/wp-json\/wp\/v2\/posts\/30161","targetHints":{"allow":["GET"]}}],"collection":[{"href":"https:\/\/www.forum-soegel.de\/information\/wp-json\/wp\/v2\/posts"}],"about":[{"href":"https:\/\/www.forum-soegel.de\/information\/wp-json\/wp\/v2\/types\/post"}],"author":[{"embeddable":true,"href":"https:\/\/www.forum-soegel.de\/information\/wp-json\/wp\/v2\/users\/2"}],"replies":[{"embeddable":true,"href":"https:\/\/www.forum-soegel.de\/information\/wp-json\/wp\/v2\/comments?post=30161"}],"version-history":[{"count":1,"href":"https:\/\/www.forum-soegel.de\/information\/wp-json\/wp\/v2\/posts\/30161\/revisions"}],"predecessor-version":[{"id":30163,"href":"https:\/\/www.forum-soegel.de\/information\/wp-json\/wp\/v2\/posts\/30161\/revisions\/30163"}],"wp:attachment":[{"href":"https:\/\/www.forum-soegel.de\/information\/wp-json\/wp\/v2\/media?parent=30161"}],"wp:term":[{"taxonomy":"category","embeddable":true,"href":"https:\/\/www.forum-soegel.de\/information\/wp-json\/wp\/v2\/categories?post=30161"},{"taxonomy":"post_tag","embeddable":true,"href":"https:\/\/www.forum-soegel.de\/information\/wp-json\/wp\/v2\/tags?post=30161"}],"curies":[{"name":"wp","href":"https:\/\/api.w.org\/{rel}","templated":true}]}}