{"id":30158,"date":"2021-01-05T14:54:07","date_gmt":"2021-01-05T13:54:07","guid":{"rendered":"https:\/\/www.forum-soegel.de\/information\/?p=30158"},"modified":"2021-01-05T14:54:09","modified_gmt":"2021-01-05T13:54:09","slug":"kinderkirchentaschen-im-st-michael-stavern","status":"publish","type":"post","link":"https:\/\/www.forum-soegel.de\/information\/2021\/01\/kinderkirchentaschen-im-st-michael-stavern\/","title":{"rendered":"Kinderkirchentaschen im St. Michael Stavern"},"content":{"rendered":"\n<p>Stavern &#8211; Das Team des Kindergartens St. Michael Stavern hat Kinderkirchentaschen f\u00fcr kleine Gottesdienstbesucher in der St. Michael Kirche Stavern gestaltet.<\/p>\n\n\n\n<p>Die Taschen liegen zur Mitnahme im Eingangsbereich der Kirche bereit, von wo die Kinder diese Taschen dann mit an ihren Platz in der Kirche nehmen k\u00f6nnen. In den Taschen finden sie passende Ausmalbilder zum Evangelium, Stifte zum Ausmalen der Bilder und eine Kinderbibel, mit der sie sich w\u00e4hrend des Gottesdienstes besch\u00e4ftigen k\u00f6nnen.<\/p>\n\n\n\n<p>Das jeweilige Evangelium des Sonntages wird in kindgerechter Art dargestellt und verst\u00e4ndlich gemacht. Das Ausmalbild d\u00fcrfen die Kinder nach der Messe mit nach Hause nehmen.<\/p>\n\n\n\n<p>Nach dem Gottesdienst werden die Taschen zur\u00fcck geh\u00e4ngt.<\/p>\n\n\n\n<p>Wir w\u00fcnschen den Kindern viel Spa\u00df mit der Kinderkirchentasche!<\/p>\n\n\n\n<p>Text\/Foto: KiGA Stavern<\/p>\n\n\n\n<figure class=\"wp-block-gallery columns-1 is-cropped wp-block-gallery-1 is-layout-flex wp-block-gallery-is-layout-flex\"><ul class=\"blocks-gallery-grid\"><li class=\"blocks-gallery-item\"><figure><a href=\"https:\/\/www.forum-soegel.de\/information\/wp-content\/uploads\/2021\/01\/Kinderkirchentaschen-im-St.-Michael-Stavern-1.jpg\"><img loading=\"lazy\" decoding=\"async\" width=\"1024\" height=\"690\" src=\"https:\/\/www.forum-soegel.de\/information\/wp-content\/uploads\/2021\/01\/Kinderkirchentaschen-im-St.-Michael-Stavern-1.jpg\" alt=\"\" data-id=\"30159\" data-full-url=\"https:\/\/www.forum-soegel.de\/information\/wp-content\/uploads\/2021\/01\/Kinderkirchentaschen-im-St.-Michael-Stavern-1.jpg\" data-link=\"https:\/\/www.forum-soegel.de\/information\/?attachment_id=30159\" class=\"wp-image-30159\" srcset=\"https:\/\/www.forum-soegel.de\/information\/wp-content\/uploads\/2021\/01\/Kinderkirchentaschen-im-St.-Michael-Stavern-1.jpg 1024w, https:\/\/www.forum-soegel.de\/information\/wp-content\/uploads\/2021\/01\/Kinderkirchentaschen-im-St.-Michael-Stavern-1-300x202.jpg 300w, https:\/\/www.forum-soegel.de\/information\/wp-content\/uploads\/2021\/01\/Kinderkirchentaschen-im-St.-Michael-Stavern-1-768x518.jpg 768w\" sizes=\"auto, (max-width: 1024px) 100vw, 1024px\" \/><\/a><\/figure><\/li><\/ul><\/figure>\n","protected":false},"excerpt":{"rendered":"Stavern &#8211; Das Team des Kindergartens St. Michael Stavern hat Kinderkirchentaschen f\u00fcr kleine Gottesdienstbesucher in der St. Michael Kirche Stavern gestaltet. Die Taschen liegen zur Mitnahme im Eingangsbereich der Kirche bereit, von wo die Kinder diese Taschen dann mit an ihren Platz in der Kirche nehmen k\u00f6nnen. In den Taschen finden sie passende Ausmalbilder zum [&hellip;]\n","protected":false},"author":2,"featured_media":0,"comment_status":"closed","ping_status":"closed","sticky":false,"template":"","format":"standard","meta":{"ngg_post_thumbnail":0,"footnotes":""},"categories":[868],"tags":[],"class_list":["post-30158","post","type-post","status-publish","format-standard","hentry","category-zwischen-himmel-und-erde"],"_links":{"self":[{"href":"https:\/\/www.forum-soegel.de\/information\/wp-json\/wp\/v2\/posts\/30158","targetHints":{"allow":["GET"]}}],"collection":[{"href":"https:\/\/www.forum-soegel.de\/information\/wp-json\/wp\/v2\/posts"}],"about":[{"href":"https:\/\/www.forum-soegel.de\/information\/wp-json\/wp\/v2\/types\/post"}],"author":[{"embeddable":true,"href":"https:\/\/www.forum-soegel.de\/information\/wp-json\/wp\/v2\/users\/2"}],"replies":[{"embeddable":true,"href":"https:\/\/www.forum-soegel.de\/information\/wp-json\/wp\/v2\/comments?post=30158"}],"version-history":[{"count":1,"href":"https:\/\/www.forum-soegel.de\/information\/wp-json\/wp\/v2\/posts\/30158\/revisions"}],"predecessor-version":[{"id":30160,"href":"https:\/\/www.forum-soegel.de\/information\/wp-json\/wp\/v2\/posts\/30158\/revisions\/30160"}],"wp:attachment":[{"href":"https:\/\/www.forum-soegel.de\/information\/wp-json\/wp\/v2\/media?parent=30158"}],"wp:term":[{"taxonomy":"category","embeddable":true,"href":"https:\/\/www.forum-soegel.de\/information\/wp-json\/wp\/v2\/categories?post=30158"},{"taxonomy":"post_tag","embeddable":true,"href":"https:\/\/www.forum-soegel.de\/information\/wp-json\/wp\/v2\/tags?post=30158"}],"curies":[{"name":"wp","href":"https:\/\/api.w.org\/{rel}","templated":true}]}}