{"id":30149,"date":"2021-01-05T14:49:36","date_gmt":"2021-01-05T13:49:36","guid":{"rendered":"https:\/\/www.forum-soegel.de\/information\/?p=30149"},"modified":"2021-01-05T14:49:38","modified_gmt":"2021-01-05T13:49:38","slug":"15-jahre-kooperation-familienzentrum-und-a-w","status":"publish","type":"post","link":"https:\/\/www.forum-soegel.de\/information\/2021\/01\/15-jahre-kooperation-familienzentrum-und-a-w\/","title":{"rendered":"15 Jahre Kooperation Familienzentrum und A+ W"},"content":{"rendered":"\n<p>S\u00f6gel &#8211; Ein Grund Dankesch\u00f6n zu sagen!! Mit Fairtrade Nikol\u00e4usen bedankte sich die Leitung Irmgard Welling f\u00fcr 15 Jahre verl\u00e4ssliche Partnerschaft zwischen beiden Einrichtungen. Seit 15 Jahren gibt es Ganztagsgruppen im Familienzentrum St. Jakobus. A+W war von Anfang an mit im Boot und lieferte f\u00fcr die Kinder das Mittagessen. Aus 15 -20 Mittagessen am Tag sind mittlerweile bis zu 75 &#8211; 80 Mittagessen t\u00e4glich geworden. Die Kinder und p\u00e4dagogischen Mitarbeiter sind stets begeistert \u00fcber die Frische und die Vielfalt der Men\u00fcs. Felix, Laura, Tom und Claudia Babis freuten sich \u00fcber das Geschenk und geben die Dankesw\u00fcnsche an das Serviceteam von A+W weiter.<\/p>\n\n\n\n<p>Text\/Foto: Irmgard Welling<\/p>\n\n\n\n<figure class=\"wp-block-gallery columns-1 is-cropped wp-block-gallery-1 is-layout-flex wp-block-gallery-is-layout-flex\"><ul class=\"blocks-gallery-grid\"><li class=\"blocks-gallery-item\"><figure><a href=\"https:\/\/www.forum-soegel.de\/information\/wp-content\/uploads\/2021\/01\/15-Jahre-Kooperation-Familienzentrum-und-A-W-1.jpg\"><img loading=\"lazy\" decoding=\"async\" width=\"1024\" height=\"703\" src=\"https:\/\/www.forum-soegel.de\/information\/wp-content\/uploads\/2021\/01\/15-Jahre-Kooperation-Familienzentrum-und-A-W-1.jpg\" alt=\"\" data-id=\"30150\" data-full-url=\"https:\/\/www.forum-soegel.de\/information\/wp-content\/uploads\/2021\/01\/15-Jahre-Kooperation-Familienzentrum-und-A-W-1.jpg\" data-link=\"https:\/\/www.forum-soegel.de\/information\/?attachment_id=30150\" class=\"wp-image-30150\" srcset=\"https:\/\/www.forum-soegel.de\/information\/wp-content\/uploads\/2021\/01\/15-Jahre-Kooperation-Familienzentrum-und-A-W-1.jpg 1024w, https:\/\/www.forum-soegel.de\/information\/wp-content\/uploads\/2021\/01\/15-Jahre-Kooperation-Familienzentrum-und-A-W-1-300x206.jpg 300w, https:\/\/www.forum-soegel.de\/information\/wp-content\/uploads\/2021\/01\/15-Jahre-Kooperation-Familienzentrum-und-A-W-1-768x527.jpg 768w\" sizes=\"auto, (max-width: 1024px) 100vw, 1024px\" \/><\/a><\/figure><\/li><\/ul><\/figure>\n","protected":false},"excerpt":{"rendered":"S\u00f6gel &#8211; Ein Grund Dankesch\u00f6n zu sagen!! Mit Fairtrade Nikol\u00e4usen bedankte sich die Leitung Irmgard Welling f\u00fcr 15 Jahre verl\u00e4ssliche Partnerschaft zwischen beiden Einrichtungen. Seit 15 Jahren gibt es Ganztagsgruppen im Familienzentrum St. Jakobus. A+W war von Anfang an mit im Boot und lieferte f\u00fcr die Kinder das Mittagessen. Aus 15 -20 Mittagessen am Tag [&hellip;]\n","protected":false},"author":2,"featured_media":0,"comment_status":"closed","ping_status":"closed","sticky":false,"template":"","format":"standard","meta":{"ngg_post_thumbnail":0,"footnotes":""},"categories":[868],"tags":[],"class_list":["post-30149","post","type-post","status-publish","format-standard","hentry","category-zwischen-himmel-und-erde"],"_links":{"self":[{"href":"https:\/\/www.forum-soegel.de\/information\/wp-json\/wp\/v2\/posts\/30149","targetHints":{"allow":["GET"]}}],"collection":[{"href":"https:\/\/www.forum-soegel.de\/information\/wp-json\/wp\/v2\/posts"}],"about":[{"href":"https:\/\/www.forum-soegel.de\/information\/wp-json\/wp\/v2\/types\/post"}],"author":[{"embeddable":true,"href":"https:\/\/www.forum-soegel.de\/information\/wp-json\/wp\/v2\/users\/2"}],"replies":[{"embeddable":true,"href":"https:\/\/www.forum-soegel.de\/information\/wp-json\/wp\/v2\/comments?post=30149"}],"version-history":[{"count":1,"href":"https:\/\/www.forum-soegel.de\/information\/wp-json\/wp\/v2\/posts\/30149\/revisions"}],"predecessor-version":[{"id":30151,"href":"https:\/\/www.forum-soegel.de\/information\/wp-json\/wp\/v2\/posts\/30149\/revisions\/30151"}],"wp:attachment":[{"href":"https:\/\/www.forum-soegel.de\/information\/wp-json\/wp\/v2\/media?parent=30149"}],"wp:term":[{"taxonomy":"category","embeddable":true,"href":"https:\/\/www.forum-soegel.de\/information\/wp-json\/wp\/v2\/categories?post=30149"},{"taxonomy":"post_tag","embeddable":true,"href":"https:\/\/www.forum-soegel.de\/information\/wp-json\/wp\/v2\/tags?post=30149"}],"curies":[{"name":"wp","href":"https:\/\/api.w.org\/{rel}","templated":true}]}}