{"id":30146,"date":"2021-01-05T14:48:27","date_gmt":"2021-01-05T13:48:27","guid":{"rendered":"https:\/\/www.forum-soegel.de\/information\/?p=30146"},"modified":"2021-01-05T14:48:28","modified_gmt":"2021-01-05T13:48:28","slug":"erster-advent","status":"publish","type":"post","link":"https:\/\/www.forum-soegel.de\/information\/2021\/01\/erster-advent\/","title":{"rendered":"Erster Advent"},"content":{"rendered":"\n<p>Spahnharrenst\u00e4tte &#8211; Heute morgen (29. Nov.)&nbsp; in der K\u00e4lte standen Maria und Josef vor unserer T\u00fcr!<\/p>\n\n\n\n<p>Wir haben sie gerne ins warme Haus gebeten!<\/p>\n\n\n\n<p>Ein absolutes Highlight ist es, am 1. Adventssonntag in Spahnharrenst\u00e4tte vor die T\u00fcr zu schauen.<\/p>\n\n\n\n<p>Danke an die Gruppenleiter f\u00fcr so viel Kreativit\u00e4t und Einsatz.<\/p>\n\n\n\n<p>Echt eine tolle \u00dcberraschung!!!<\/p>\n\n\n\n<p>Allen einen sch\u00f6nen 1. Advent!<\/p>\n\n\n\n<p>Text\/Foto: Karin Freese<\/p>\n\n\n\n<figure class=\"wp-block-gallery columns-1 is-cropped wp-block-gallery-1 is-layout-flex wp-block-gallery-is-layout-flex\"><ul class=\"blocks-gallery-grid\"><li class=\"blocks-gallery-item\"><figure><a href=\"https:\/\/www.forum-soegel.de\/information\/wp-content\/uploads\/2021\/01\/1.Advent-1.png\"><img loading=\"lazy\" decoding=\"async\" width=\"1024\" height=\"768\" src=\"https:\/\/www.forum-soegel.de\/information\/wp-content\/uploads\/2021\/01\/1.Advent-1.png\" alt=\"\" data-id=\"30147\" data-full-url=\"https:\/\/www.forum-soegel.de\/information\/wp-content\/uploads\/2021\/01\/1.Advent-1.png\" data-link=\"https:\/\/www.forum-soegel.de\/information\/?attachment_id=30147\" class=\"wp-image-30147\" srcset=\"https:\/\/www.forum-soegel.de\/information\/wp-content\/uploads\/2021\/01\/1.Advent-1.png 1024w, https:\/\/www.forum-soegel.de\/information\/wp-content\/uploads\/2021\/01\/1.Advent-1-300x225.png 300w, https:\/\/www.forum-soegel.de\/information\/wp-content\/uploads\/2021\/01\/1.Advent-1-768x576.png 768w\" sizes=\"auto, (max-width: 1024px) 100vw, 1024px\" \/><\/a><\/figure><\/li><\/ul><\/figure>\n","protected":false},"excerpt":{"rendered":"Spahnharrenst\u00e4tte &#8211; Heute morgen (29. Nov.)&nbsp; in der K\u00e4lte standen Maria und Josef vor unserer T\u00fcr! Wir haben sie gerne ins warme Haus gebeten! Ein absolutes Highlight ist es, am 1. Adventssonntag in Spahnharrenst\u00e4tte vor die T\u00fcr zu schauen. Danke an die Gruppenleiter f\u00fcr so viel Kreativit\u00e4t und Einsatz. Echt eine tolle \u00dcberraschung!!! Allen einen [&hellip;]\n","protected":false},"author":2,"featured_media":0,"comment_status":"closed","ping_status":"closed","sticky":false,"template":"","format":"standard","meta":{"ngg_post_thumbnail":0,"footnotes":""},"categories":[868],"tags":[],"class_list":["post-30146","post","type-post","status-publish","format-standard","hentry","category-zwischen-himmel-und-erde"],"_links":{"self":[{"href":"https:\/\/www.forum-soegel.de\/information\/wp-json\/wp\/v2\/posts\/30146","targetHints":{"allow":["GET"]}}],"collection":[{"href":"https:\/\/www.forum-soegel.de\/information\/wp-json\/wp\/v2\/posts"}],"about":[{"href":"https:\/\/www.forum-soegel.de\/information\/wp-json\/wp\/v2\/types\/post"}],"author":[{"embeddable":true,"href":"https:\/\/www.forum-soegel.de\/information\/wp-json\/wp\/v2\/users\/2"}],"replies":[{"embeddable":true,"href":"https:\/\/www.forum-soegel.de\/information\/wp-json\/wp\/v2\/comments?post=30146"}],"version-history":[{"count":1,"href":"https:\/\/www.forum-soegel.de\/information\/wp-json\/wp\/v2\/posts\/30146\/revisions"}],"predecessor-version":[{"id":30148,"href":"https:\/\/www.forum-soegel.de\/information\/wp-json\/wp\/v2\/posts\/30146\/revisions\/30148"}],"wp:attachment":[{"href":"https:\/\/www.forum-soegel.de\/information\/wp-json\/wp\/v2\/media?parent=30146"}],"wp:term":[{"taxonomy":"category","embeddable":true,"href":"https:\/\/www.forum-soegel.de\/information\/wp-json\/wp\/v2\/categories?post=30146"},{"taxonomy":"post_tag","embeddable":true,"href":"https:\/\/www.forum-soegel.de\/information\/wp-json\/wp\/v2\/tags?post=30146"}],"curies":[{"name":"wp","href":"https:\/\/api.w.org\/{rel}","templated":true}]}}