{"id":30143,"date":"2021-01-05T14:46:54","date_gmt":"2021-01-05T13:46:54","guid":{"rendered":"https:\/\/www.forum-soegel.de\/information\/?p=30143"},"modified":"2021-01-05T14:46:55","modified_gmt":"2021-01-05T13:46:55","slug":"zeichen-gegen-gewalt-setzen","status":"publish","type":"post","link":"https:\/\/www.forum-soegel.de\/information\/2021\/01\/zeichen-gegen-gewalt-setzen\/","title":{"rendered":"Zeichen gegen Gewalt setzen"},"content":{"rendered":"\n<p>S\u00f6gel &#8211; Weltweit wird j\u00e4hrlich am 25. November der internationale Gedenktag \u201eNein zu Gewalt an Frauen\u201c ausgerufen.<\/p>\n\n\n\n<p>Dieser Tag wurde von den Vereinten Nationen (UN) zum internationalen Gedenktag gegen Gewalt an Frauen erkl\u00e4rt. Die Menschenrechtsorganisation Terre des femmes hat f\u00fcr Deutschland als Teil dieser internationalen Bewegung eine Fahnenaktion ins Leben gerufen, die seit 2001 bundesweit in immer mehr St\u00e4dten und Gemeinden umgesetzt wird.<\/p>\n\n\n\n<p>Gleichstellungsbeauftragte Annelene Abeln (links) teilt dazu mit: \u201eDie unterschiedlichen Formen von Gewalt haben fast immer den Zweck, Macht und Kontrolle \u00fcber Frauen und Ihre K\u00f6rper auszu\u00fcben. Leider nimmt diese h\u00e4usliche Gewalt in Zeiten der Pandemie zu und die mit der Pandemie verbundenen Kontaktbeschr\u00e4nkungen haben die Situation sogar noch versch\u00e4rft.\u201c<\/p>\n\n\n\n<p>Die Allgemeinde Stellvertreterin des Samtgemeindeb\u00fcrgermeisters Cornelia Willigmann-Kassner (rechts) erg\u00e4nzt: \u201eDeshalb ist es in diesen Zeiten besonders wichtig, mit der Fahnenaktion ein deutliches Zeichen gegen Gewalt an Frauen zu setzen. Auch im S\u00f6geler Rathaus wird an diesem Tag die blaue Fahne mit der Aufschrift \u201eFrei leben \u2013 ohne Gewalt\u201c gehisst. Damit wird auch hier ein Zeichen gegen Gewalt an Frauen gesetzt.\u201c<\/p>\n\n\n\n<p>Foto\/Text: Ingrid Cloppenburg<\/p>\n\n\n\n<figure class=\"wp-block-gallery columns-1 is-cropped wp-block-gallery-1 is-layout-flex wp-block-gallery-is-layout-flex\"><ul class=\"blocks-gallery-grid\"><li class=\"blocks-gallery-item\"><figure><a href=\"https:\/\/www.forum-soegel.de\/information\/wp-content\/uploads\/2021\/01\/Zeichen-gegen-Gewalt-setzen-1.jpg\"><img loading=\"lazy\" decoding=\"async\" width=\"518\" height=\"768\" src=\"https:\/\/www.forum-soegel.de\/information\/wp-content\/uploads\/2021\/01\/Zeichen-gegen-Gewalt-setzen-1.jpg\" alt=\"\" data-id=\"30144\" data-full-url=\"https:\/\/www.forum-soegel.de\/information\/wp-content\/uploads\/2021\/01\/Zeichen-gegen-Gewalt-setzen-1.jpg\" data-link=\"https:\/\/www.forum-soegel.de\/information\/?attachment_id=30144\" class=\"wp-image-30144\" srcset=\"https:\/\/www.forum-soegel.de\/information\/wp-content\/uploads\/2021\/01\/Zeichen-gegen-Gewalt-setzen-1.jpg 518w, https:\/\/www.forum-soegel.de\/information\/wp-content\/uploads\/2021\/01\/Zeichen-gegen-Gewalt-setzen-1-202x300.jpg 202w\" sizes=\"auto, (max-width: 518px) 100vw, 518px\" \/><\/a><\/figure><\/li><\/ul><\/figure>\n","protected":false},"excerpt":{"rendered":"S\u00f6gel &#8211; Weltweit wird j\u00e4hrlich am 25. November der internationale Gedenktag \u201eNein zu Gewalt an Frauen\u201c ausgerufen. Dieser Tag wurde von den Vereinten Nationen (UN) zum internationalen Gedenktag gegen Gewalt an Frauen erkl\u00e4rt. Die Menschenrechtsorganisation Terre des femmes hat f\u00fcr Deutschland als Teil dieser internationalen Bewegung eine Fahnenaktion ins Leben gerufen, die seit 2001 bundesweit [&hellip;]\n","protected":false},"author":2,"featured_media":0,"comment_status":"closed","ping_status":"closed","sticky":false,"template":"","format":"standard","meta":{"ngg_post_thumbnail":0,"footnotes":""},"categories":[3],"tags":[],"class_list":["post-30143","post","type-post","status-publish","format-standard","hentry","category-aktuelles-aus-der-region"],"_links":{"self":[{"href":"https:\/\/www.forum-soegel.de\/information\/wp-json\/wp\/v2\/posts\/30143","targetHints":{"allow":["GET"]}}],"collection":[{"href":"https:\/\/www.forum-soegel.de\/information\/wp-json\/wp\/v2\/posts"}],"about":[{"href":"https:\/\/www.forum-soegel.de\/information\/wp-json\/wp\/v2\/types\/post"}],"author":[{"embeddable":true,"href":"https:\/\/www.forum-soegel.de\/information\/wp-json\/wp\/v2\/users\/2"}],"replies":[{"embeddable":true,"href":"https:\/\/www.forum-soegel.de\/information\/wp-json\/wp\/v2\/comments?post=30143"}],"version-history":[{"count":1,"href":"https:\/\/www.forum-soegel.de\/information\/wp-json\/wp\/v2\/posts\/30143\/revisions"}],"predecessor-version":[{"id":30145,"href":"https:\/\/www.forum-soegel.de\/information\/wp-json\/wp\/v2\/posts\/30143\/revisions\/30145"}],"wp:attachment":[{"href":"https:\/\/www.forum-soegel.de\/information\/wp-json\/wp\/v2\/media?parent=30143"}],"wp:term":[{"taxonomy":"category","embeddable":true,"href":"https:\/\/www.forum-soegel.de\/information\/wp-json\/wp\/v2\/categories?post=30143"},{"taxonomy":"post_tag","embeddable":true,"href":"https:\/\/www.forum-soegel.de\/information\/wp-json\/wp\/v2\/tags?post=30143"}],"curies":[{"name":"wp","href":"https:\/\/api.w.org\/{rel}","templated":true}]}}