{"id":30139,"date":"2021-01-05T14:45:50","date_gmt":"2021-01-05T13:45:50","guid":{"rendered":"https:\/\/www.forum-soegel.de\/information\/?p=30139"},"modified":"2021-01-05T14:45:52","modified_gmt":"2021-01-05T13:45:52","slug":"strahlende-gesichter-in-der-drk-tagespflege","status":"publish","type":"post","link":"https:\/\/www.forum-soegel.de\/information\/2021\/01\/strahlende-gesichter-in-der-drk-tagespflege\/","title":{"rendered":"Strahlende Gesichter in der DRK-Tagespflege"},"content":{"rendered":"\n<p>S\u00f6gel &#8211; Vom 05. \u2013 09.10.2020 fand in der DRK-Tagespflege S\u00f6gel eine Oktoberwoche f\u00fcr die Tagesg\u00e4ste statt &#8211; mit bayrischer Deko, leckeren K\u00f6stlichkeiten, wie z. B. gef\u00fcllte Brezeln mit Hackfleisch, Spielen und Bewegungs\u00fcbungen.<\/p>\n\n\n\n<p>Alles nat\u00fcrlich im Einklang mit dem derzeitigen Hygienekonzept und dem n\u00f6tigen Abstand. Den Tagesg\u00e4sten hat es viel Spa\u00df gemacht und brachte eine willkommene Abwechslung.<\/p>\n\n\n\n<p>Ein paar Wochen sp\u00e4ter, am 11.11.2020 haben sich ein paar Kinder und Jugendliche einiger Mitarbeiterinnen der Einrichtung mit ihren Freunden bereit erkl\u00e4rt, den Tagesg\u00e4sten einige Lieder zum St. Martinstag darzubieten.<\/p>\n\n\n\n<p>Dies geschah von der Terrasse der Einrichtung aus, sodass der n\u00f6tige Abstand eingehalten werden konnte.<\/p>\n\n\n\n<p>Die Tagesg\u00e4ste hatten sehr viel Freude daran und lauschten gespannt den Liedern. Nach Beendigung erhielten sowohl die \u201eS\u00e4nger\u201c als auch die Tagesg\u00e4ste und die Mitarbeiterinnen eine frische, selbstgebackene Martinsgans!<\/p>\n\n\n\n<p>Dies nahm eine Dame zum Anlass und sprach ein paar sch\u00f6ne Worte des Dankes in die Runde.<\/p>\n\n\n\n<p>Und nun neigt sich das Jahr 2020, was wirklich f\u00fcr alle kein einfaches war, dem Ende zu.<\/p>\n\n\n\n<p>Aus diesem Grund w\u00fcnscht Ihnen das gesamte Team der DRK Tagespflege S\u00f6gel f\u00fcr das Jahr 2021 alles Gute und dass wir uns recht bald wieder n\u00e4her sein d\u00fcrfen!<\/p>\n\n\n\n<p>In der DRK-Tagespflege k\u00f6nnen sowohl Menschen mit einem Hilfebedarf als auch Menschen, die gerne eine Abwechslung von ihrem Alltag suchen und den Tag in netter, geselliger Atmosph\u00e4re verbringen wollen, betreut werden.<\/p>\n\n\n\n<p>Interessierte k\u00f6nnen sich unter den folgenden Kontaktdaten an uns wenden und erhalten im Internet unter www.drk-emsland.de weitere Informationen.<\/p>\n\n\n\n<p>Hier unsere Kontaktdaten:<\/p>\n\n\n\n<p>Tagespflege S\u00f6gel<\/p>\n\n\n\n<p>Sprakeler Str. 1b<\/p>\n\n\n\n<p>49751 S\u00f6gel<\/p>\n\n\n\n<p>Tel.: 05952-423980<\/p>\n\n\n\n<p>Text\/Foto: Das Team der DRK Tagespflege S\u00f6gel<\/p>\n\n\n\n<figure class=\"wp-block-gallery columns-2 is-cropped wp-block-gallery-1 is-layout-flex wp-block-gallery-is-layout-flex\"><ul class=\"blocks-gallery-grid\"><li class=\"blocks-gallery-item\"><figure><a href=\"https:\/\/www.forum-soegel.de\/information\/wp-content\/uploads\/2021\/01\/Strahlende-Gesichter-in-der-DRK-Tagespflege-2.jpg\"><img loading=\"lazy\" decoding=\"async\" width=\"1024\" height=\"768\" src=\"https:\/\/www.forum-soegel.de\/information\/wp-content\/uploads\/2021\/01\/Strahlende-Gesichter-in-der-DRK-Tagespflege-2.jpg\" alt=\"\" data-id=\"30140\" data-full-url=\"https:\/\/www.forum-soegel.de\/information\/wp-content\/uploads\/2021\/01\/Strahlende-Gesichter-in-der-DRK-Tagespflege-2.jpg\" data-link=\"https:\/\/www.forum-soegel.de\/information\/?attachment_id=30140\" class=\"wp-image-30140\" srcset=\"https:\/\/www.forum-soegel.de\/information\/wp-content\/uploads\/2021\/01\/Strahlende-Gesichter-in-der-DRK-Tagespflege-2.jpg 1024w, https:\/\/www.forum-soegel.de\/information\/wp-content\/uploads\/2021\/01\/Strahlende-Gesichter-in-der-DRK-Tagespflege-2-300x225.jpg 300w, https:\/\/www.forum-soegel.de\/information\/wp-content\/uploads\/2021\/01\/Strahlende-Gesichter-in-der-DRK-Tagespflege-2-768x576.jpg 768w\" sizes=\"auto, (max-width: 1024px) 100vw, 1024px\" \/><\/a><\/figure><\/li><li class=\"blocks-gallery-item\"><figure><a href=\"https:\/\/www.forum-soegel.de\/information\/wp-content\/uploads\/2021\/01\/Strahlende-Gesichter-in-der-DRK-Tagespflege-1.png\"><img loading=\"lazy\" decoding=\"async\" width=\"576\" height=\"768\" src=\"https:\/\/www.forum-soegel.de\/information\/wp-content\/uploads\/2021\/01\/Strahlende-Gesichter-in-der-DRK-Tagespflege-1.png\" alt=\"\" data-id=\"30141\" data-full-url=\"https:\/\/www.forum-soegel.de\/information\/wp-content\/uploads\/2021\/01\/Strahlende-Gesichter-in-der-DRK-Tagespflege-1.png\" data-link=\"https:\/\/www.forum-soegel.de\/information\/?attachment_id=30141\" class=\"wp-image-30141\" srcset=\"https:\/\/www.forum-soegel.de\/information\/wp-content\/uploads\/2021\/01\/Strahlende-Gesichter-in-der-DRK-Tagespflege-1.png 576w, https:\/\/www.forum-soegel.de\/information\/wp-content\/uploads\/2021\/01\/Strahlende-Gesichter-in-der-DRK-Tagespflege-1-225x300.png 225w\" sizes=\"auto, (max-width: 576px) 100vw, 576px\" \/><\/a><\/figure><\/li><\/ul><\/figure>\n","protected":false},"excerpt":{"rendered":"S\u00f6gel &#8211; Vom 05. \u2013 09.10.2020 fand in der DRK-Tagespflege S\u00f6gel eine Oktoberwoche f\u00fcr die Tagesg\u00e4ste statt &#8211; mit bayrischer Deko, leckeren K\u00f6stlichkeiten, wie z. B. gef\u00fcllte Brezeln mit Hackfleisch, Spielen und Bewegungs\u00fcbungen. Alles nat\u00fcrlich im Einklang mit dem derzeitigen Hygienekonzept und dem n\u00f6tigen Abstand. Den Tagesg\u00e4sten hat es viel Spa\u00df gemacht und brachte eine [&hellip;]\n","protected":false},"author":2,"featured_media":0,"comment_status":"closed","ping_status":"closed","sticky":false,"template":"","format":"standard","meta":{"ngg_post_thumbnail":0,"footnotes":""},"categories":[3],"tags":[],"class_list":["post-30139","post","type-post","status-publish","format-standard","hentry","category-aktuelles-aus-der-region"],"_links":{"self":[{"href":"https:\/\/www.forum-soegel.de\/information\/wp-json\/wp\/v2\/posts\/30139","targetHints":{"allow":["GET"]}}],"collection":[{"href":"https:\/\/www.forum-soegel.de\/information\/wp-json\/wp\/v2\/posts"}],"about":[{"href":"https:\/\/www.forum-soegel.de\/information\/wp-json\/wp\/v2\/types\/post"}],"author":[{"embeddable":true,"href":"https:\/\/www.forum-soegel.de\/information\/wp-json\/wp\/v2\/users\/2"}],"replies":[{"embeddable":true,"href":"https:\/\/www.forum-soegel.de\/information\/wp-json\/wp\/v2\/comments?post=30139"}],"version-history":[{"count":1,"href":"https:\/\/www.forum-soegel.de\/information\/wp-json\/wp\/v2\/posts\/30139\/revisions"}],"predecessor-version":[{"id":30142,"href":"https:\/\/www.forum-soegel.de\/information\/wp-json\/wp\/v2\/posts\/30139\/revisions\/30142"}],"wp:attachment":[{"href":"https:\/\/www.forum-soegel.de\/information\/wp-json\/wp\/v2\/media?parent=30139"}],"wp:term":[{"taxonomy":"category","embeddable":true,"href":"https:\/\/www.forum-soegel.de\/information\/wp-json\/wp\/v2\/categories?post=30139"},{"taxonomy":"post_tag","embeddable":true,"href":"https:\/\/www.forum-soegel.de\/information\/wp-json\/wp\/v2\/tags?post=30139"}],"curies":[{"name":"wp","href":"https:\/\/api.w.org\/{rel}","templated":true}]}}