{"id":30133,"date":"2021-01-05T14:44:18","date_gmt":"2021-01-05T13:44:18","guid":{"rendered":"https:\/\/www.forum-soegel.de\/information\/?p=30133"},"modified":"2021-01-05T14:44:19","modified_gmt":"2021-01-05T13:44:19","slug":"realbrand-training-der-sg-feuerwehren","status":"publish","type":"post","link":"https:\/\/www.forum-soegel.de\/information\/2021\/01\/realbrand-training-der-sg-feuerwehren\/","title":{"rendered":"Realbrand-Training der SG-Feuerwehren"},"content":{"rendered":"\n<p>S\u00f6gel &#8211; Neun Atemschutzger\u00e4tetr\u00e4ger aus den f\u00fcnf Feuerwehren der Samtgemeinde S\u00f6gel haben an einem Realbrandtraining beim N.F.T.C. &#8211; Northern FireFighting Training Center in Bad Zwischenahn teilgenommen.<\/p>\n\n\n\n<p>Vor Ort erhielten die Teilnehmer zu Beginn eine theoretische Einweisung, daran anschlie\u00dfend bekam jeder seine Einsatzkleidung. Weiter ging es dann im Programm mit der &#8220; Brand &#8211; Gew\u00f6hnung&#8220;, in deren Rahmen die Ausbilder erkl\u00e4rten, wie Feuer entsteht und worin der Unterschied zwischen einer Rauchgasdurchz\u00fcndung und einem sogenannten &#8222;Flash Over&#8220; besteht. Anhand von in der Praxis durchgef\u00fchrten Rauchgasdurchz\u00fcndungen zeigten die Ausbilder, wie diese entstehen und wie man solche erkennen und bek\u00e4mpfen kann.<\/p>\n\n\n\n<p>Daran anschlie\u00dfend besch\u00e4ftigten man sich mit dem Thema Feuerkrebs. Die Ausbilder zeigten uns Techniken, wie die w\u00e4hrend eines Einsatzes kontaminierte pers\u00f6nliche Schutzausr\u00fcstung ausgezogen wird, ohne giftige Schadstoffe, die sich auf der Einsatzkleidung abgelagert haben, einzuatmen oder damit in Ber\u00fchrung zu kommen. Nach einer kurzen Mittagspause \u00fcbte man dann im praktischen Teil den Innenangriff beim Wohnungsbrand. Hier bekamen die Kameraden dann zu sp\u00fcren, wie hei\u00df es trotz der Einsatzkleidung wird. Kr\u00f6nender Abschluss war dann der \u201eEinsatz\u201c, eine Durchz\u00fcndung richtig zu blocken und zu bek\u00e4mpfen. Hier konnte man feststellen, dass die Einsatzkleidung die enorme Hitze aush\u00e4lt und sehr gut sch\u00fctzt.<\/p>\n\n\n\n<p>Nach dieser letzten Einheit waren alle ersch\u00f6pft. Man hat viele wichtige Informationen erhalten, wie man als Atemschutzger\u00e4tetr\u00e4ger im Einsatz vorgeht. Bei einer Grillwurst klang der Lehrgang dann aus.<\/p>\n\n\n\n<p>Die Teilnehmer bedankten sich bei den Ausbildern des Trainingszentrums, bei Uwe Herbers, der f\u00fcr die Organisation verantwortlich war, und bei allen, die diesen Lehrgang m\u00f6glich gemacht hatten, darunter die Samtgemeinde mit einer Kosten\u00fcbernahme.<\/p>\n\n\n\n<p>Text: Feuerwehr<\/p>\n\n\n\n<p>Foto: Herbers<\/p>\n\n\n\n<figure class=\"wp-block-gallery columns-3 is-cropped wp-block-gallery-1 is-layout-flex wp-block-gallery-is-layout-flex\"><ul class=\"blocks-gallery-grid\"><li class=\"blocks-gallery-item\"><figure><a href=\"https:\/\/www.forum-soegel.de\/information\/wp-content\/uploads\/2021\/01\/Realbrand-Training-der-SG-Feuerwehren-4.jpg\"><img loading=\"lazy\" decoding=\"async\" width=\"1024\" height=\"697\" src=\"https:\/\/www.forum-soegel.de\/information\/wp-content\/uploads\/2021\/01\/Realbrand-Training-der-SG-Feuerwehren-4.jpg\" alt=\"\" data-id=\"30134\" data-full-url=\"https:\/\/www.forum-soegel.de\/information\/wp-content\/uploads\/2021\/01\/Realbrand-Training-der-SG-Feuerwehren-4.jpg\" data-link=\"https:\/\/www.forum-soegel.de\/information\/?attachment_id=30134\" class=\"wp-image-30134\" srcset=\"https:\/\/www.forum-soegel.de\/information\/wp-content\/uploads\/2021\/01\/Realbrand-Training-der-SG-Feuerwehren-4.jpg 1024w, https:\/\/www.forum-soegel.de\/information\/wp-content\/uploads\/2021\/01\/Realbrand-Training-der-SG-Feuerwehren-4-300x204.jpg 300w, https:\/\/www.forum-soegel.de\/information\/wp-content\/uploads\/2021\/01\/Realbrand-Training-der-SG-Feuerwehren-4-768x523.jpg 768w\" sizes=\"auto, (max-width: 1024px) 100vw, 1024px\" \/><\/a><\/figure><\/li><li class=\"blocks-gallery-item\"><figure><a href=\"https:\/\/www.forum-soegel.de\/information\/wp-content\/uploads\/2021\/01\/Realbrand-Training-der-SG-Feuerwehren-1.jpg\"><img loading=\"lazy\" decoding=\"async\" width=\"1024\" height=\"768\" src=\"https:\/\/www.forum-soegel.de\/information\/wp-content\/uploads\/2021\/01\/Realbrand-Training-der-SG-Feuerwehren-1.jpg\" alt=\"\" data-id=\"30135\" data-full-url=\"https:\/\/www.forum-soegel.de\/information\/wp-content\/uploads\/2021\/01\/Realbrand-Training-der-SG-Feuerwehren-1.jpg\" data-link=\"https:\/\/www.forum-soegel.de\/information\/?attachment_id=30135\" class=\"wp-image-30135\" srcset=\"https:\/\/www.forum-soegel.de\/information\/wp-content\/uploads\/2021\/01\/Realbrand-Training-der-SG-Feuerwehren-1.jpg 1024w, https:\/\/www.forum-soegel.de\/information\/wp-content\/uploads\/2021\/01\/Realbrand-Training-der-SG-Feuerwehren-1-300x225.jpg 300w, https:\/\/www.forum-soegel.de\/information\/wp-content\/uploads\/2021\/01\/Realbrand-Training-der-SG-Feuerwehren-1-768x576.jpg 768w\" sizes=\"auto, (max-width: 1024px) 100vw, 1024px\" \/><\/a><\/figure><\/li><li class=\"blocks-gallery-item\"><figure><a href=\"https:\/\/www.forum-soegel.de\/information\/wp-content\/uploads\/2021\/01\/Realbrand-Training-der-SG-Feuerwehren-2.jpg\"><img loading=\"lazy\" decoding=\"async\" width=\"1024\" height=\"768\" src=\"https:\/\/www.forum-soegel.de\/information\/wp-content\/uploads\/2021\/01\/Realbrand-Training-der-SG-Feuerwehren-2.jpg\" alt=\"\" data-id=\"30136\" data-full-url=\"https:\/\/www.forum-soegel.de\/information\/wp-content\/uploads\/2021\/01\/Realbrand-Training-der-SG-Feuerwehren-2.jpg\" data-link=\"https:\/\/www.forum-soegel.de\/information\/?attachment_id=30136\" class=\"wp-image-30136\" srcset=\"https:\/\/www.forum-soegel.de\/information\/wp-content\/uploads\/2021\/01\/Realbrand-Training-der-SG-Feuerwehren-2.jpg 1024w, https:\/\/www.forum-soegel.de\/information\/wp-content\/uploads\/2021\/01\/Realbrand-Training-der-SG-Feuerwehren-2-300x225.jpg 300w, https:\/\/www.forum-soegel.de\/information\/wp-content\/uploads\/2021\/01\/Realbrand-Training-der-SG-Feuerwehren-2-768x576.jpg 768w\" sizes=\"auto, (max-width: 1024px) 100vw, 1024px\" \/><\/a><\/figure><\/li><li class=\"blocks-gallery-item\"><figure><a href=\"https:\/\/www.forum-soegel.de\/information\/wp-content\/uploads\/2021\/01\/Realbrand-Training-der-SG-Feuerwehren-3.jpg\"><img loading=\"lazy\" decoding=\"async\" width=\"959\" height=\"768\" src=\"https:\/\/www.forum-soegel.de\/information\/wp-content\/uploads\/2021\/01\/Realbrand-Training-der-SG-Feuerwehren-3.jpg\" alt=\"\" data-id=\"30137\" data-full-url=\"https:\/\/www.forum-soegel.de\/information\/wp-content\/uploads\/2021\/01\/Realbrand-Training-der-SG-Feuerwehren-3.jpg\" data-link=\"https:\/\/www.forum-soegel.de\/information\/?attachment_id=30137\" class=\"wp-image-30137\" srcset=\"https:\/\/www.forum-soegel.de\/information\/wp-content\/uploads\/2021\/01\/Realbrand-Training-der-SG-Feuerwehren-3.jpg 959w, https:\/\/www.forum-soegel.de\/information\/wp-content\/uploads\/2021\/01\/Realbrand-Training-der-SG-Feuerwehren-3-300x240.jpg 300w, https:\/\/www.forum-soegel.de\/information\/wp-content\/uploads\/2021\/01\/Realbrand-Training-der-SG-Feuerwehren-3-768x615.jpg 768w\" sizes=\"auto, (max-width: 959px) 100vw, 959px\" \/><\/a><\/figure><\/li><\/ul><\/figure>\n","protected":false},"excerpt":{"rendered":"S\u00f6gel &#8211; Neun Atemschutzger\u00e4tetr\u00e4ger aus den f\u00fcnf Feuerwehren der Samtgemeinde S\u00f6gel haben an einem Realbrandtraining beim N.F.T.C. &#8211; Northern FireFighting Training Center in Bad Zwischenahn teilgenommen. Vor Ort erhielten die Teilnehmer zu Beginn eine theoretische Einweisung, daran anschlie\u00dfend bekam jeder seine Einsatzkleidung. Weiter ging es dann im Programm mit der &#8220; Brand &#8211; Gew\u00f6hnung&#8220;, in [&hellip;]\n","protected":false},"author":2,"featured_media":0,"comment_status":"closed","ping_status":"closed","sticky":false,"template":"","format":"standard","meta":{"ngg_post_thumbnail":0,"footnotes":""},"categories":[3],"tags":[],"class_list":["post-30133","post","type-post","status-publish","format-standard","hentry","category-aktuelles-aus-der-region"],"_links":{"self":[{"href":"https:\/\/www.forum-soegel.de\/information\/wp-json\/wp\/v2\/posts\/30133","targetHints":{"allow":["GET"]}}],"collection":[{"href":"https:\/\/www.forum-soegel.de\/information\/wp-json\/wp\/v2\/posts"}],"about":[{"href":"https:\/\/www.forum-soegel.de\/information\/wp-json\/wp\/v2\/types\/post"}],"author":[{"embeddable":true,"href":"https:\/\/www.forum-soegel.de\/information\/wp-json\/wp\/v2\/users\/2"}],"replies":[{"embeddable":true,"href":"https:\/\/www.forum-soegel.de\/information\/wp-json\/wp\/v2\/comments?post=30133"}],"version-history":[{"count":1,"href":"https:\/\/www.forum-soegel.de\/information\/wp-json\/wp\/v2\/posts\/30133\/revisions"}],"predecessor-version":[{"id":30138,"href":"https:\/\/www.forum-soegel.de\/information\/wp-json\/wp\/v2\/posts\/30133\/revisions\/30138"}],"wp:attachment":[{"href":"https:\/\/www.forum-soegel.de\/information\/wp-json\/wp\/v2\/media?parent=30133"}],"wp:term":[{"taxonomy":"category","embeddable":true,"href":"https:\/\/www.forum-soegel.de\/information\/wp-json\/wp\/v2\/categories?post=30133"},{"taxonomy":"post_tag","embeddable":true,"href":"https:\/\/www.forum-soegel.de\/information\/wp-json\/wp\/v2\/tags?post=30133"}],"curies":[{"name":"wp","href":"https:\/\/api.w.org\/{rel}","templated":true}]}}