{"id":30131,"date":"2021-01-05T14:43:13","date_gmt":"2021-01-05T13:43:13","guid":{"rendered":"https:\/\/www.forum-soegel.de\/information\/?p=30131"},"modified":"2021-01-05T14:43:15","modified_gmt":"2021-01-05T13:43:15","slug":"projekt-mit-schulen-kostenlose-ausgaben-fuer-buechereien","status":"publish","type":"post","link":"https:\/\/www.forum-soegel.de\/information\/2021\/01\/projekt-mit-schulen-kostenlose-ausgaben-fuer-buechereien\/","title":{"rendered":"Projekt mit Schulen \u2013 Kostenlose Ausgaben f\u00fcr B\u00fcchereien"},"content":{"rendered":"\n<p>Auf der Basis des neuen Buches plant das Forum S\u00f6gel zum zweiten Schul-halbjahr 2021 ein Projekt zum Thema: &#8222;Flucht, Vertreibung und Ausgrenzung&#8220; mit mehreren Schulen der Region. Um eine m\u00f6glichst breite Leserschaft zu dem Thema zu erreichen, wird auch eine kostenlose Abgabe von Exemplaren<\/p>\n\n\n\n<p>an alle B\u00fcchereien des Emslandes erfolgen. Initiiert wurde dieses Projekt vom ehemaligen Landrat und Vorsitzenden der Emsl\u00e4ndischen Landschaft,&nbsp; Hermann Br\u00f6ring, da die Aufarbeitung der Thematik&nbsp; auch aus aktuellem Anlass dringend erforderlich sei. F\u00fcr die Auseinandersetzung mit dem Thema im Schulunterricht sind Lesungen mit Zeitzeugen vorgesehen sowie Vertiefungen in<\/p>\n\n\n\n<p>Diskussionen und besonderen Unterrichtseinheiten.<\/p>\n\n\n\n<p>Hinweis des Forums<\/p>\n","protected":false},"excerpt":{"rendered":"Auf der Basis des neuen Buches plant das Forum S\u00f6gel zum zweiten Schul-halbjahr 2021 ein Projekt zum Thema: &#8222;Flucht, Vertreibung und Ausgrenzung&#8220; mit mehreren Schulen der Region. Um eine m\u00f6glichst breite Leserschaft zu dem Thema zu erreichen, wird auch eine kostenlose Abgabe von Exemplaren an alle B\u00fcchereien des Emslandes erfolgen. Initiiert wurde dieses Projekt vom [&hellip;]\n","protected":false},"author":2,"featured_media":0,"comment_status":"closed","ping_status":"closed","sticky":false,"template":"","format":"standard","meta":{"ngg_post_thumbnail":0,"footnotes":""},"categories":[5],"tags":[],"class_list":["post-30131","post","type-post","status-publish","format-standard","hentry","category-was-machen-die-vereine"],"_links":{"self":[{"href":"https:\/\/www.forum-soegel.de\/information\/wp-json\/wp\/v2\/posts\/30131","targetHints":{"allow":["GET"]}}],"collection":[{"href":"https:\/\/www.forum-soegel.de\/information\/wp-json\/wp\/v2\/posts"}],"about":[{"href":"https:\/\/www.forum-soegel.de\/information\/wp-json\/wp\/v2\/types\/post"}],"author":[{"embeddable":true,"href":"https:\/\/www.forum-soegel.de\/information\/wp-json\/wp\/v2\/users\/2"}],"replies":[{"embeddable":true,"href":"https:\/\/www.forum-soegel.de\/information\/wp-json\/wp\/v2\/comments?post=30131"}],"version-history":[{"count":1,"href":"https:\/\/www.forum-soegel.de\/information\/wp-json\/wp\/v2\/posts\/30131\/revisions"}],"predecessor-version":[{"id":30132,"href":"https:\/\/www.forum-soegel.de\/information\/wp-json\/wp\/v2\/posts\/30131\/revisions\/30132"}],"wp:attachment":[{"href":"https:\/\/www.forum-soegel.de\/information\/wp-json\/wp\/v2\/media?parent=30131"}],"wp:term":[{"taxonomy":"category","embeddable":true,"href":"https:\/\/www.forum-soegel.de\/information\/wp-json\/wp\/v2\/categories?post=30131"},{"taxonomy":"post_tag","embeddable":true,"href":"https:\/\/www.forum-soegel.de\/information\/wp-json\/wp\/v2\/tags?post=30131"}],"curies":[{"name":"wp","href":"https:\/\/api.w.org\/{rel}","templated":true}]}}