{"id":30128,"date":"2021-01-05T14:42:16","date_gmt":"2021-01-05T13:42:16","guid":{"rendered":"https:\/\/www.forum-soegel.de\/information\/?p=30128"},"modified":"2021-01-05T14:42:17","modified_gmt":"2021-01-05T13:42:17","slug":"soegel-oeffentliche-gruenanlagen-werden-mit-heimischen-pflanzenarten-bereichert","status":"publish","type":"post","link":"https:\/\/www.forum-soegel.de\/information\/2021\/01\/soegel-oeffentliche-gruenanlagen-werden-mit-heimischen-pflanzenarten-bereichert\/","title":{"rendered":"S\u00f6gel: \u00f6ffentliche Gr\u00fcnanlagen werden mit heimischen Pflanzenarten bereichert"},"content":{"rendered":"\n<p>S\u00f6gel.&nbsp; &#8211; im ganzen Ort werden derzeit \u00f6ffentliche Fl\u00e4chen f\u00fcr die Anlage von Blumenwiesen und Staudenbeeten bearbeitet. Innerhalb des Projektes \u201eS\u00f6gel summt\u201c werden Staudenbeete mit heimischen Pflanzenarten auf einer Fl\u00e4che von insgesamt 2019 m\u00b2 angelegt, au\u00dferdem Blumenwiesen mit \u00fcber 3000 m\u00b2.<\/p>\n\n\n\n<p>Die Firma GaLaBau Emsland aus Lingen hat den Auftrag dazu, der aufgrund einer \u00f6ffentlichen Ausschreibung nach den Richtlinien f\u00fcr F\u00f6rdermittel vergeben wurde, erhalten. Gef\u00f6rdert wird das Projekt \u201eS\u00f6gel summt\u201c mit Mitteln des Europ\u00e4ischen Fonds f\u00fcr regionale Entwicklung (EFRE) und des Landes Niedersachsen Programmgebiet St\u00e4rker entwickelte Region (SER).<\/p>\n\n\n\n<p>Es werden nun auf den verschiedenen Arealen Stauden, die mit wenig Wasser und N\u00e4hrstoffe auskommen und trotzdem ein Magnet f\u00fcr Insekten sind, eingepflanzt. Dazu erkl\u00e4rt Projektleiterin Maria Dierkes (Ingenieurin f\u00fcr Gartenbau, FH) das Prinzip der Staudenmischpflanzung: \u201eEs werden aufeinander abgestimmte Pflanzen ausgew\u00e4hlt, die das ganze Jahr \u00fcber etwas bieten durch Form, Farbe, Bl\u00fcte, Fruchtst\u00e4nde. Sie bestechen durch ihr pflegeleichtes und dauerhaftes Verhalten.\u201c Eine Aufwertung der Fl\u00e4chen entsteht durch Zwiebelpflanzen, die in den mit Kalksplitt gemulchten Boden eingesetzt werden. \u201eDer Kalksplitt sch\u00fctzt die Fl\u00e4chen vor dem Austrocknen und gew\u00e4hrleistet einen geringeren Unkrautbesatz. In ca. 2 Jahren sind die Fl\u00e4chen durch eine geschlossene Pflanzendecke \u00fcberwachsen\u201c, freut sich Dierkes auf das Resultat in den kommenden Jahren. Es werden Staudenmischpflanzungen mit Namen \u201eSilbersommer\u201c, \u201eBl\u00fctenzauber\u201c und \u201eFarbenspiel\u201c verwendet und durch weitere Kreationen erg\u00e4nzt.<\/p>\n\n\n\n<p>Text\/Foto: Gemeinde S\u00f6gel<\/p>\n\n\n\n<figure class=\"wp-block-gallery columns-1 is-cropped wp-block-gallery-1 is-layout-flex wp-block-gallery-is-layout-flex\"><ul class=\"blocks-gallery-grid\"><li class=\"blocks-gallery-item\"><figure><a href=\"https:\/\/www.forum-soegel.de\/information\/wp-content\/uploads\/2021\/01\/oeffentliche-Gruenanlagen-werden-mit-heimischen-Pflanzenarten-bereichert-1.jpg\"><img loading=\"lazy\" decoding=\"async\" width=\"1024\" height=\"768\" src=\"https:\/\/www.forum-soegel.de\/information\/wp-content\/uploads\/2021\/01\/oeffentliche-Gruenanlagen-werden-mit-heimischen-Pflanzenarten-bereichert-1.jpg\" alt=\"\" data-id=\"30129\" data-full-url=\"https:\/\/www.forum-soegel.de\/information\/wp-content\/uploads\/2021\/01\/oeffentliche-Gruenanlagen-werden-mit-heimischen-Pflanzenarten-bereichert-1.jpg\" data-link=\"https:\/\/www.forum-soegel.de\/information\/?attachment_id=30129\" class=\"wp-image-30129\" srcset=\"https:\/\/www.forum-soegel.de\/information\/wp-content\/uploads\/2021\/01\/oeffentliche-Gruenanlagen-werden-mit-heimischen-Pflanzenarten-bereichert-1.jpg 1024w, https:\/\/www.forum-soegel.de\/information\/wp-content\/uploads\/2021\/01\/oeffentliche-Gruenanlagen-werden-mit-heimischen-Pflanzenarten-bereichert-1-300x225.jpg 300w, https:\/\/www.forum-soegel.de\/information\/wp-content\/uploads\/2021\/01\/oeffentliche-Gruenanlagen-werden-mit-heimischen-Pflanzenarten-bereichert-1-768x576.jpg 768w\" sizes=\"auto, (max-width: 1024px) 100vw, 1024px\" \/><\/a><\/figure><\/li><\/ul><\/figure>\n","protected":false},"excerpt":{"rendered":"S\u00f6gel.&nbsp; &#8211; im ganzen Ort werden derzeit \u00f6ffentliche Fl\u00e4chen f\u00fcr die Anlage von Blumenwiesen und Staudenbeeten bearbeitet. Innerhalb des Projektes \u201eS\u00f6gel summt\u201c werden Staudenbeete mit heimischen Pflanzenarten auf einer Fl\u00e4che von insgesamt 2019 m\u00b2 angelegt, au\u00dferdem Blumenwiesen mit \u00fcber 3000 m\u00b2. Die Firma GaLaBau Emsland aus Lingen hat den Auftrag dazu, der aufgrund einer \u00f6ffentlichen [&hellip;]\n","protected":false},"author":2,"featured_media":0,"comment_status":"closed","ping_status":"closed","sticky":false,"template":"","format":"standard","meta":{"ngg_post_thumbnail":0,"footnotes":""},"categories":[3],"tags":[],"class_list":["post-30128","post","type-post","status-publish","format-standard","hentry","category-aktuelles-aus-der-region"],"_links":{"self":[{"href":"https:\/\/www.forum-soegel.de\/information\/wp-json\/wp\/v2\/posts\/30128","targetHints":{"allow":["GET"]}}],"collection":[{"href":"https:\/\/www.forum-soegel.de\/information\/wp-json\/wp\/v2\/posts"}],"about":[{"href":"https:\/\/www.forum-soegel.de\/information\/wp-json\/wp\/v2\/types\/post"}],"author":[{"embeddable":true,"href":"https:\/\/www.forum-soegel.de\/information\/wp-json\/wp\/v2\/users\/2"}],"replies":[{"embeddable":true,"href":"https:\/\/www.forum-soegel.de\/information\/wp-json\/wp\/v2\/comments?post=30128"}],"version-history":[{"count":1,"href":"https:\/\/www.forum-soegel.de\/information\/wp-json\/wp\/v2\/posts\/30128\/revisions"}],"predecessor-version":[{"id":30130,"href":"https:\/\/www.forum-soegel.de\/information\/wp-json\/wp\/v2\/posts\/30128\/revisions\/30130"}],"wp:attachment":[{"href":"https:\/\/www.forum-soegel.de\/information\/wp-json\/wp\/v2\/media?parent=30128"}],"wp:term":[{"taxonomy":"category","embeddable":true,"href":"https:\/\/www.forum-soegel.de\/information\/wp-json\/wp\/v2\/categories?post=30128"},{"taxonomy":"post_tag","embeddable":true,"href":"https:\/\/www.forum-soegel.de\/information\/wp-json\/wp\/v2\/tags?post=30128"}],"curies":[{"name":"wp","href":"https:\/\/api.w.org\/{rel}","templated":true}]}}