{"id":30126,"date":"2021-01-05T14:39:42","date_gmt":"2021-01-05T13:39:42","guid":{"rendered":"https:\/\/www.forum-soegel.de\/information\/?p=30126"},"modified":"2021-01-05T14:39:43","modified_gmt":"2021-01-05T13:39:43","slug":"krippenausstellung-im-ludmillenhof-verschoben-papierkrippe-liefert-vorfreude-auf-das-kommende-jahr","status":"publish","type":"post","link":"https:\/\/www.forum-soegel.de\/information\/2021\/01\/krippenausstellung-im-ludmillenhof-verschoben-papierkrippe-liefert-vorfreude-auf-das-kommende-jahr\/","title":{"rendered":"Krippenausstellung im Ludmillenhof verschoben -Papierkrippe liefert Vorfreude auf das kommende Jahr"},"content":{"rendered":"\n<p>S\u00f6gel &#8211; Eigentlich w\u00fcrden jetzt zahlreiche Papierkrippen die Ausstellungsr\u00e4ume des Ludmillenhofes in adventliche Stimmung versetzen. Die Osnabr\u00fccker Krippenfreunde hatten eine Ausstellung eines Teils ihrer gro\u00dfen Krippensammlung geplant. Der Schwerpunkt sollte dabei auf Papierkrippen gesetzt werden. \u201eDiese Krippen verdienen eine hohe Anerkennung. Sie galten fr\u00fcher als Krippe des armen Mannes\u201c, erkl\u00e4rte Gerhard Lohmeier, Vorsitzender des Krippenvereins, bei einem Vorbereitungsgespr\u00e4ch. Die Werke stammen aus den H\u00e4nden Josef Morgrets. Morgret selbst hat bei sich in seinem Wintergarten in Sutthausen bereits eine sehenswerte Krippenlandschaft aufgebaut. Seine Leidenschaft gilt aber den Papierkrippen, die er bei einer Krippenfahrt nach Tschechien entdeckte. \u201eDie Figuren werden aus Kartonb\u00f6den ausgeschnitten, dann auf Sperrholz geklebt und schlie\u00dflich nach hinten hin abgeschr\u00e4gt\u201c, erkl\u00e4rt Morgret. Eine seiner Papierkrippen hat dennoch den Weg nach S\u00f6gel gefunden. Sie steht jetzt stellvertretend f\u00fcr alle anderen Krippen im S\u00f6geler Rathaus. Im kommenden Jahr soll dann die gro\u00dfe Krippenausstellung nachgeholt werden. Sofern m\u00f6glich, k\u00f6nnen sich dann Einzelpersonen und Gruppen in der Adventszeit Zeit nehmen f\u00fcr diese Ausstellung. \u201eDenn das ist n\u00f6tig\u201c, sagt Samtgemeindeb\u00fcrgermeister G\u00fcnter Wigbers. \u201eDie filigranen Krippen ben\u00f6tigen schon ein besonderes Augenmerk. Bis man alle Details der Krippe gefunden und bewundert hat, vergehen schon mehrere Minuten.\u201c<\/p>\n\n\n\n<p>Text\/Foto: Samtgemeinde S\u00f6gel<\/p>\n\n\n\n<figure class=\"wp-block-gallery columns-2 is-cropped wp-block-gallery-1 is-layout-flex wp-block-gallery-is-layout-flex\"><ul class=\"blocks-gallery-grid\"><li class=\"blocks-gallery-item\"><figure><a href=\"https:\/\/www.forum-soegel.de\/information\/wp-content\/uploads\/2021\/01\/Krippenausstellung-im-Ludmillenhof-verschoben-1.jpg\"><img loading=\"lazy\" decoding=\"async\" width=\"1024\" height=\"768\" src=\"https:\/\/www.forum-soegel.de\/information\/wp-content\/uploads\/2021\/01\/Krippenausstellung-im-Ludmillenhof-verschoben-1.jpg\" alt=\"\" data-id=\"30124\" data-full-url=\"https:\/\/www.forum-soegel.de\/information\/wp-content\/uploads\/2021\/01\/Krippenausstellung-im-Ludmillenhof-verschoben-1.jpg\" data-link=\"https:\/\/www.forum-soegel.de\/information\/?attachment_id=30124\" class=\"wp-image-30124\" srcset=\"https:\/\/www.forum-soegel.de\/information\/wp-content\/uploads\/2021\/01\/Krippenausstellung-im-Ludmillenhof-verschoben-1.jpg 1024w, https:\/\/www.forum-soegel.de\/information\/wp-content\/uploads\/2021\/01\/Krippenausstellung-im-Ludmillenhof-verschoben-1-300x225.jpg 300w, https:\/\/www.forum-soegel.de\/information\/wp-content\/uploads\/2021\/01\/Krippenausstellung-im-Ludmillenhof-verschoben-1-768x576.jpg 768w\" sizes=\"auto, (max-width: 1024px) 100vw, 1024px\" \/><\/a><\/figure><\/li><li class=\"blocks-gallery-item\"><figure><a href=\"https:\/\/www.forum-soegel.de\/information\/wp-content\/uploads\/2021\/01\/Krippenausstellung-im-Ludmillenhof-verschoben-2.jpg\"><img loading=\"lazy\" decoding=\"async\" width=\"1024\" height=\"768\" src=\"https:\/\/www.forum-soegel.de\/information\/wp-content\/uploads\/2021\/01\/Krippenausstellung-im-Ludmillenhof-verschoben-2.jpg\" alt=\"\" data-id=\"30123\" data-full-url=\"https:\/\/www.forum-soegel.de\/information\/wp-content\/uploads\/2021\/01\/Krippenausstellung-im-Ludmillenhof-verschoben-2.jpg\" data-link=\"https:\/\/www.forum-soegel.de\/information\/?attachment_id=30123\" class=\"wp-image-30123\" srcset=\"https:\/\/www.forum-soegel.de\/information\/wp-content\/uploads\/2021\/01\/Krippenausstellung-im-Ludmillenhof-verschoben-2.jpg 1024w, https:\/\/www.forum-soegel.de\/information\/wp-content\/uploads\/2021\/01\/Krippenausstellung-im-Ludmillenhof-verschoben-2-300x225.jpg 300w, https:\/\/www.forum-soegel.de\/information\/wp-content\/uploads\/2021\/01\/Krippenausstellung-im-Ludmillenhof-verschoben-2-768x576.jpg 768w\" sizes=\"auto, (max-width: 1024px) 100vw, 1024px\" \/><\/a><\/figure><\/li><\/ul><\/figure>\n","protected":false},"excerpt":{"rendered":"S\u00f6gel &#8211; Eigentlich w\u00fcrden jetzt zahlreiche Papierkrippen die Ausstellungsr\u00e4ume des Ludmillenhofes in adventliche Stimmung versetzen. Die Osnabr\u00fccker Krippenfreunde hatten eine Ausstellung eines Teils ihrer gro\u00dfen Krippensammlung geplant. Der Schwerpunkt sollte dabei auf Papierkrippen gesetzt werden. \u201eDiese Krippen verdienen eine hohe Anerkennung. Sie galten fr\u00fcher als Krippe des armen Mannes\u201c, erkl\u00e4rte Gerhard Lohmeier, Vorsitzender des Krippenvereins, [&hellip;]\n","protected":false},"author":2,"featured_media":0,"comment_status":"closed","ping_status":"closed","sticky":false,"template":"","format":"standard","meta":{"ngg_post_thumbnail":0,"footnotes":""},"categories":[3],"tags":[],"class_list":["post-30126","post","type-post","status-publish","format-standard","hentry","category-aktuelles-aus-der-region"],"_links":{"self":[{"href":"https:\/\/www.forum-soegel.de\/information\/wp-json\/wp\/v2\/posts\/30126","targetHints":{"allow":["GET"]}}],"collection":[{"href":"https:\/\/www.forum-soegel.de\/information\/wp-json\/wp\/v2\/posts"}],"about":[{"href":"https:\/\/www.forum-soegel.de\/information\/wp-json\/wp\/v2\/types\/post"}],"author":[{"embeddable":true,"href":"https:\/\/www.forum-soegel.de\/information\/wp-json\/wp\/v2\/users\/2"}],"replies":[{"embeddable":true,"href":"https:\/\/www.forum-soegel.de\/information\/wp-json\/wp\/v2\/comments?post=30126"}],"version-history":[{"count":1,"href":"https:\/\/www.forum-soegel.de\/information\/wp-json\/wp\/v2\/posts\/30126\/revisions"}],"predecessor-version":[{"id":30127,"href":"https:\/\/www.forum-soegel.de\/information\/wp-json\/wp\/v2\/posts\/30126\/revisions\/30127"}],"wp:attachment":[{"href":"https:\/\/www.forum-soegel.de\/information\/wp-json\/wp\/v2\/media?parent=30126"}],"wp:term":[{"taxonomy":"category","embeddable":true,"href":"https:\/\/www.forum-soegel.de\/information\/wp-json\/wp\/v2\/categories?post=30126"},{"taxonomy":"post_tag","embeddable":true,"href":"https:\/\/www.forum-soegel.de\/information\/wp-json\/wp\/v2\/tags?post=30126"}],"curies":[{"name":"wp","href":"https:\/\/api.w.org\/{rel}","templated":true}]}}