{"id":30107,"date":"2021-01-05T14:07:39","date_gmt":"2021-01-05T13:07:39","guid":{"rendered":"https:\/\/www.forum-soegel.de\/information\/?p=30107"},"modified":"2021-01-05T14:08:31","modified_gmt":"2021-01-05T13:08:31","slug":"glueck-gehabt-sigrid-lyga-erzaehlt-wie-der-huemmling-zur-heimat-wurde","status":"publish","type":"post","link":"https:\/\/www.forum-soegel.de\/information\/2021\/01\/glueck-gehabt-sigrid-lyga-erzaehlt-wie-der-huemmling-zur-heimat-wurde\/","title":{"rendered":"\u201eGl\u00fcck gehabt\u201c \u2013 Sigrid Lyga erz\u00e4hlt, wie der H\u00fcmmling zur Heimat wurde"},"content":{"rendered":"\n<div class=\"wp-block-image\"><figure class=\"alignleft size-large is-resized\"><img loading=\"lazy\" decoding=\"async\" src=\"https:\/\/www.forum-soegel.de\/information\/wp-content\/uploads\/2021\/01\/Glueck-gehabt-3.jpg\" alt=\"\" class=\"wp-image-30110\" width=\"216\" height=\"270\" srcset=\"https:\/\/www.forum-soegel.de\/information\/wp-content\/uploads\/2021\/01\/Glueck-gehabt-3.jpg 613w, https:\/\/www.forum-soegel.de\/information\/wp-content\/uploads\/2021\/01\/Glueck-gehabt-3-239x300.jpg 239w\" sizes=\"auto, (max-width: 216px) 100vw, 216px\" \/><figcaption>Sigrid Lyga im Jahre 1952.<\/figcaption><\/figure><\/div>\n\n\n\n<p>S\u00f6gel &#8211; Ihre \u201eJugenderinnerungen\u201c an die von Not und Leid gepr\u00e4gten Kriegs- und Nachkriegsjahre beschreibt Sigrid Lyga in ihrem Buch \u201eGl\u00fcck gehabt! Erst der H\u00fcmmling wurde mir zur Heimat\u201c, das ab (ab dem heutigen) Montag erh\u00e4ltlich ist. Ihre geplanten Lesungen kann die Autorin nicht mehr durchf\u00fchren, sie verstarb Anfang Oktober im Alter von 86 Jahren.<\/p>\n\n\n\n<p>Herausgeber des 157-seitigen autobiografischen Werkes ist das Forum S\u00f6gel e.V. In seinem Vorwort hebt Vorsitzender Bernd Eggert hervor, dass das Forum auch mit dieser Publikation das Ziel verfolgt, die Zeit der Kriegs- und Nachkriegsjahre insbesondere der j\u00fcngeren Leserschaft nahezubringen. F\u00fcr die \u00c4lteren werde die Lekt\u00fcre sicherlich viele Erinnerungen wach rufen. Man sei Hermann Wichmann dankbar, dass er die Arbeit von Sigrid Lyga redaktionell begleitet habe und durch seine Nachforschungen und Bebilderung erg\u00e4nzt habe. Die Umschlaggestaltung habe Gisela Henze \u00fcbernommen.<\/p>\n\n\n\n<p>Die pensionierte Lehrerin Sigrid Lyga gliederte ihr Buch in drei Kapitel. Im ersten Kapitel beschreibt sie ihre Erinnerungen an die f\u00fcr sie schlimme Zeit von 1940 bis 1946. Sie wuchs in Nortrup (Artland) als Tochter schlesischer Eltern auf. Ihre Taufpatin wurde die damalige Lehrerkollegin Elisabeth M\u00fcller, die 12 Jahre sp\u00e4ter noch eine entscheidende Rolle im Leben der Autorin spielen sollte. Da sich ihr Vater als \u00f6rtlicher Lehrer gegen die Nazi-Herrschaft auflehnte, wurde er nach Oberschlesien strafversetzt. Dar\u00fcber war er froh, da seine Familie wieder n\u00e4her der urspr\u00fcnglichen Heimat kam. Zun\u00e4chst lebte man in einem Kohlerevier, sp\u00e4ter l\u00e4ndlich im Kreis Falkenberg. Die Familie musste dann gegen Kriegsende das grauenvolle Vorgehen russischer und sp\u00e4ter polnischer Besatzer \u00fcber sich ergehen lassen. Der Vater verstarb in einem polnischen Lager.<\/p>\n\n\n\n<p>\u00dcber Umwegen gelangte die Familie dann wieder nach Nortrup. Sigrid Lyga hatte dann Gl\u00fcck, dass sie 1946 von ihrer (nicht verwandten) Patentante \u201eLisbeth\u201c, die den S\u00f6geler Kohlen -und Jagdwaffenh\u00e4ndler \u201eHeini\u201c geheiratet hatte, aufgenommen wurde. Die weiteren Kapitel befassen sich sehr ausf\u00fchrlich mit den Erlebnissen der Sch\u00fclerinnen im Hause Holtmann, in dem wohl schlimme hygienische Verh\u00e4ltnisse herrschten. Die Zeit bliebt Lyga trotzdem in guter Erinnerung, da sie sehr gut behandelt wurde und sehr viel \u201ef\u00fcr\u2019s Leben\u201c lernte.<\/p>\n\n\n\n<p>Besonders spannend beleuchtet die Autorin ihre \u201esehr sch\u00f6ne\u201c Schulzeit. Sehr engagierte Lehrerinnen und Lehrer sorgten daf\u00fcr, dass sie gef\u00f6rdert wurde und den Weg zum Lehramtsstudium gehen konnte.<\/p>\n\n\n\n<p>In ihrem Werk beschreibt Lyga nicht nur ihren eigenen Weg, sondern berichtet pr\u00e4zise \u00fcber das Leben, die Kultur und die landschaftlichen Sch\u00f6nheiten auf dem H\u00fcmmling. Da sie oft ihre Kamera dabei hatte, werden die Erlebnisse durch viele zeitgen\u00f6ssische Fotos erg\u00e4nzt. Dem Leser wird immer wieder bewusst, warum Sigrid Lyga den H\u00fcmmling als ihre Heimat bezeichnet.<\/p>\n\n\n\n<p>Das Buch kann beim Forum sowie im Tourismusb\u00fcro und in S\u00f6geler Gesch\u00e4ften f\u00fcr 15 Euro erworben werden.<\/p>\n\n\n\n<p>Text\/Foto: LB<\/p>\n\n\n\n<p>Foto: Sammlung Lyga<\/p>\n\n\n\n<figure class=\"wp-block-image size-large is-resized\"><img loading=\"lazy\" decoding=\"async\" src=\"https:\/\/www.forum-soegel.de\/information\/wp-content\/uploads\/2021\/01\/Glueck-gehabt-1.jpg\" alt=\"\" class=\"wp-image-30108\" width=\"458\" height=\"610\" srcset=\"https:\/\/www.forum-soegel.de\/information\/wp-content\/uploads\/2021\/01\/Glueck-gehabt-1.jpg 576w, https:\/\/www.forum-soegel.de\/information\/wp-content\/uploads\/2021\/01\/Glueck-gehabt-1-225x300.jpg 225w\" sizes=\"auto, (max-width: 458px) 100vw, 458px\" \/><\/figure>\n\n\n\n<figure class=\"wp-block-image size-large is-resized\"><img loading=\"lazy\" decoding=\"async\" src=\"https:\/\/www.forum-soegel.de\/information\/wp-content\/uploads\/2021\/01\/Glueck-gehabt-2.jpg\" alt=\"\" class=\"wp-image-30109\" width=\"462\" height=\"688\" srcset=\"https:\/\/www.forum-soegel.de\/information\/wp-content\/uploads\/2021\/01\/Glueck-gehabt-2.jpg 516w, https:\/\/www.forum-soegel.de\/information\/wp-content\/uploads\/2021\/01\/Glueck-gehabt-2-202x300.jpg 202w\" sizes=\"auto, (max-width: 462px) 100vw, 462px\" \/><figcaption>Hermann Wichmann bearbeitete das Werk redaktionell und pr\u00e4sentierte die druckfrische Ausgabe.<\/figcaption><\/figure>\n","protected":false},"excerpt":{"rendered":"S\u00f6gel &#8211; Ihre \u201eJugenderinnerungen\u201c an die von Not und Leid gepr\u00e4gten Kriegs- und Nachkriegsjahre beschreibt Sigrid Lyga in ihrem Buch \u201eGl\u00fcck gehabt! Erst der H\u00fcmmling wurde mir zur Heimat\u201c, das ab (ab dem heutigen) Montag erh\u00e4ltlich ist. Ihre geplanten Lesungen kann die Autorin nicht mehr durchf\u00fchren, sie verstarb Anfang Oktober im Alter von 86 Jahren. [&hellip;]\n","protected":false},"author":2,"featured_media":0,"comment_status":"closed","ping_status":"closed","sticky":false,"template":"","format":"standard","meta":{"ngg_post_thumbnail":0,"footnotes":""},"categories":[3],"tags":[],"class_list":["post-30107","post","type-post","status-publish","format-standard","hentry","category-aktuelles-aus-der-region"],"_links":{"self":[{"href":"https:\/\/www.forum-soegel.de\/information\/wp-json\/wp\/v2\/posts\/30107","targetHints":{"allow":["GET"]}}],"collection":[{"href":"https:\/\/www.forum-soegel.de\/information\/wp-json\/wp\/v2\/posts"}],"about":[{"href":"https:\/\/www.forum-soegel.de\/information\/wp-json\/wp\/v2\/types\/post"}],"author":[{"embeddable":true,"href":"https:\/\/www.forum-soegel.de\/information\/wp-json\/wp\/v2\/users\/2"}],"replies":[{"embeddable":true,"href":"https:\/\/www.forum-soegel.de\/information\/wp-json\/wp\/v2\/comments?post=30107"}],"version-history":[{"count":2,"href":"https:\/\/www.forum-soegel.de\/information\/wp-json\/wp\/v2\/posts\/30107\/revisions"}],"predecessor-version":[{"id":30112,"href":"https:\/\/www.forum-soegel.de\/information\/wp-json\/wp\/v2\/posts\/30107\/revisions\/30112"}],"wp:attachment":[{"href":"https:\/\/www.forum-soegel.de\/information\/wp-json\/wp\/v2\/media?parent=30107"}],"wp:term":[{"taxonomy":"category","embeddable":true,"href":"https:\/\/www.forum-soegel.de\/information\/wp-json\/wp\/v2\/categories?post=30107"},{"taxonomy":"post_tag","embeddable":true,"href":"https:\/\/www.forum-soegel.de\/information\/wp-json\/wp\/v2\/tags?post=30107"}],"curies":[{"name":"wp","href":"https:\/\/api.w.org\/{rel}","templated":true}]}}