{"id":30103,"date":"2021-01-05T14:02:51","date_gmt":"2021-01-05T13:02:51","guid":{"rendered":"https:\/\/www.forum-soegel.de\/information\/?p=30103"},"modified":"2021-01-05T14:02:52","modified_gmt":"2021-01-05T13:02:52","slug":"auf-den-anfang-kommt-es-an-interesse-an-kulturgeschichte-frueh-wecken","status":"publish","type":"post","link":"https:\/\/www.forum-soegel.de\/information\/2021\/01\/auf-den-anfang-kommt-es-an-interesse-an-kulturgeschichte-frueh-wecken\/","title":{"rendered":"Auf den Anfang kommt es an! \u2013 Interesse an Kulturgeschichte fr\u00fch wecken"},"content":{"rendered":"\n<p>S\u00f6gel &#8211; Seit zehn Jahren hat das Emslandmuseum Schloss Clemenswerth ein breites Bildungsspektrum mit insgesamt vier Kinderg\u00e4rten und acht Schulen aufgebaut. Zu einem der ersten Partner des Museums wurde das Katholische Familienzentrum St. Jakobus. Die Zusammenarbeit zwischen Museum und Kindergarten hat in diesem Jahr seit zehn Jahren Bestand. Mit der Unterzeichnung des Vertrages im September 2010 haben die beiden Bildungseinrichtungen einen damals noch recht neuen Weg in der Museumsp\u00e4dagogik eingeschlagen, der der fr\u00fchkindlichen Bildung eine besondere Bedeutung beimisst. \u201eUnser Anliegen ist es besonders bei unseren j\u00fcngsten Besuchern Schwellen\u00e4ngste gegen\u00fcber der Institution Museum gar nicht erst aufkommen zu lassen sowie das Interesse an Kunst und Kulturgeschichte schon in den fr\u00fchen Jahren zu wecken\u201c, erkl\u00e4rt Museumsdirektor Oliver Fok. Familienzentrumleiterin Irmgard Welling unterstreicht: \u201eEine l\u00e4ngerfristige Zusammenarbeit in Form von mehreren aufeinander folgenden und aufbauenden Veranstaltungen ist hierf\u00fcr das ideale Werkzeug.\u201c Vorschulkinder eines jeden Jahrgangs lernen an f\u00fcnf Terminen, den sogenannten Erlebnisvormittagen, Schloss Clemenswerth mit seiner Geschichte und seinem Erbauer Clemens August auf kindgerechte und abwechslungsreiche Weise kennen. Sie gehen auf Entdeckungstour, unternehmen eine Schatzsuche und erleben \u201eBarock mit allen Sinnen\u201c durch interaktive F\u00fchrungen. Im Jubil\u00e4umsjahr wurden die Erlebnisvormittage um einen digitalen Baustein erweitert. Gemeinsam haben die diesj\u00e4hrigen Vorschulkinder, die in zwei Gruppen das Schloss besuchen, an ihrem ersten Termin mit der leitenden Museumsp\u00e4dagogin Ramona Krons einen Stop-Motion-Film produziert. Sie sagt: \u201eIn unserer Vermittlungsarbeit versuchen wir durch immer neue Techniken und Methoden Schloss Clemenswerth mit seiner Geschichte kindgerecht und kurzweilig lebendig zu machen. Dabei spielt auch die unterschwellige Informationsvermittlung immer eine wichtige Rolle.\u201c<\/p>\n\n\n\n<p>Text: Ramona Krons<\/p>\n\n\n\n<p>Foto: Emslandmuseum Schloss Clemenswerth<\/p>\n\n\n\n<figure class=\"wp-block-gallery columns-1 is-cropped wp-block-gallery-1 is-layout-flex wp-block-gallery-is-layout-flex\"><ul class=\"blocks-gallery-grid\"><li class=\"blocks-gallery-item\"><figure><a href=\"https:\/\/www.forum-soegel.de\/information\/wp-content\/uploads\/2021\/01\/Auf-den-Anfang-kommt-es-an-\u2013-Interesse-an-Kulturgeschichte-frueh-wecken-1.jpg\"><img loading=\"lazy\" decoding=\"async\" width=\"1024\" height=\"683\" src=\"https:\/\/www.forum-soegel.de\/information\/wp-content\/uploads\/2021\/01\/Auf-den-Anfang-kommt-es-an-\u2013-Interesse-an-Kulturgeschichte-frueh-wecken-1.jpg\" alt=\"\" data-id=\"30104\" data-full-url=\"https:\/\/www.forum-soegel.de\/information\/wp-content\/uploads\/2021\/01\/Auf-den-Anfang-kommt-es-an-\u2013-Interesse-an-Kulturgeschichte-frueh-wecken-1.jpg\" data-link=\"https:\/\/www.forum-soegel.de\/information\/?attachment_id=30104\" class=\"wp-image-30104\" srcset=\"https:\/\/www.forum-soegel.de\/information\/wp-content\/uploads\/2021\/01\/Auf-den-Anfang-kommt-es-an-\u2013-Interesse-an-Kulturgeschichte-frueh-wecken-1.jpg 1024w, https:\/\/www.forum-soegel.de\/information\/wp-content\/uploads\/2021\/01\/Auf-den-Anfang-kommt-es-an-\u2013-Interesse-an-Kulturgeschichte-frueh-wecken-1-300x200.jpg 300w, https:\/\/www.forum-soegel.de\/information\/wp-content\/uploads\/2021\/01\/Auf-den-Anfang-kommt-es-an-\u2013-Interesse-an-Kulturgeschichte-frueh-wecken-1-768x512.jpg 768w\" sizes=\"auto, (max-width: 1024px) 100vw, 1024px\" \/><\/a><\/figure><\/li><\/ul><\/figure>\n","protected":false},"excerpt":{"rendered":"S\u00f6gel &#8211; Seit zehn Jahren hat das Emslandmuseum Schloss Clemenswerth ein breites Bildungsspektrum mit insgesamt vier Kinderg\u00e4rten und acht Schulen aufgebaut. Zu einem der ersten Partner des Museums wurde das Katholische Familienzentrum St. Jakobus. Die Zusammenarbeit zwischen Museum und Kindergarten hat in diesem Jahr seit zehn Jahren Bestand. Mit der Unterzeichnung des Vertrages im September [&hellip;]\n","protected":false},"author":2,"featured_media":0,"comment_status":"closed","ping_status":"closed","sticky":false,"template":"","format":"standard","meta":{"ngg_post_thumbnail":0,"footnotes":""},"categories":[3],"tags":[],"class_list":["post-30103","post","type-post","status-publish","format-standard","hentry","category-aktuelles-aus-der-region"],"_links":{"self":[{"href":"https:\/\/www.forum-soegel.de\/information\/wp-json\/wp\/v2\/posts\/30103","targetHints":{"allow":["GET"]}}],"collection":[{"href":"https:\/\/www.forum-soegel.de\/information\/wp-json\/wp\/v2\/posts"}],"about":[{"href":"https:\/\/www.forum-soegel.de\/information\/wp-json\/wp\/v2\/types\/post"}],"author":[{"embeddable":true,"href":"https:\/\/www.forum-soegel.de\/information\/wp-json\/wp\/v2\/users\/2"}],"replies":[{"embeddable":true,"href":"https:\/\/www.forum-soegel.de\/information\/wp-json\/wp\/v2\/comments?post=30103"}],"version-history":[{"count":1,"href":"https:\/\/www.forum-soegel.de\/information\/wp-json\/wp\/v2\/posts\/30103\/revisions"}],"predecessor-version":[{"id":30105,"href":"https:\/\/www.forum-soegel.de\/information\/wp-json\/wp\/v2\/posts\/30103\/revisions\/30105"}],"wp:attachment":[{"href":"https:\/\/www.forum-soegel.de\/information\/wp-json\/wp\/v2\/media?parent=30103"}],"wp:term":[{"taxonomy":"category","embeddable":true,"href":"https:\/\/www.forum-soegel.de\/information\/wp-json\/wp\/v2\/categories?post=30103"},{"taxonomy":"post_tag","embeddable":true,"href":"https:\/\/www.forum-soegel.de\/information\/wp-json\/wp\/v2\/tags?post=30103"}],"curies":[{"name":"wp","href":"https:\/\/api.w.org\/{rel}","templated":true}]}}