{"id":30100,"date":"2021-01-05T14:01:38","date_gmt":"2021-01-05T13:01:38","guid":{"rendered":"https:\/\/www.forum-soegel.de\/information\/?p=30100"},"modified":"2021-01-05T14:01:40","modified_gmt":"2021-01-05T13:01:40","slug":"25-jahre-im-dienst-der-samtgemeinde-soegel","status":"publish","type":"post","link":"https:\/\/www.forum-soegel.de\/information\/2021\/01\/25-jahre-im-dienst-der-samtgemeinde-soegel\/","title":{"rendered":"25 Jahre im Dienst der Samtgemeinde S\u00f6gel"},"content":{"rendered":"\n<p>Klein Ber\u00dfen &#8211; Seit 25 Jahren ist Paul Ipen bei der Samtgemeinde S\u00f6gel besch\u00e4ftigt. In einer kleinen Feierstunde w\u00fcrdigte die Allgemeine Stellvertreterin des Samtgemeindeb\u00fcrgermeisters Cornelia Willigmann-Kassner gemeinsam mit Heiner Voss als Vertreter der Gemeinde Klein Ber\u00dfen und Schulleiter Matthias Wraga seinen stets zuverl\u00e4ssigen Arbeitseinsatz in all diesen Jahren. Der Aufgabenschwerpunkt von Paul Ipen liegt in der Gemeinde Klein Ber\u00dfen. So ist er dort beim Bauhof der Gemeinde im Einsatz; zudem ist er Schulhausmeister der Grundschule S\u00fcdh\u00fcmmling. Willigmann-Kassner dankte Ipen mit einem Blumenstrau\u00df f\u00fcr seine treuen Dienste und setzte weiterhin auf ein kollegiales Miteinander.<\/p>\n\n\n\n<p>Text\/Foto: Samtgemeinde S\u00f6gel<\/p>\n\n\n\n<figure class=\"wp-block-gallery columns-1 is-cropped wp-block-gallery-1 is-layout-flex wp-block-gallery-is-layout-flex\"><ul class=\"blocks-gallery-grid\"><li class=\"blocks-gallery-item\"><figure><a href=\"https:\/\/www.forum-soegel.de\/information\/wp-content\/uploads\/2021\/01\/25-Jahre-im-Dienst-der-Samtgemeinde-Soegel-1.jpg\"><img loading=\"lazy\" decoding=\"async\" width=\"583\" height=\"768\" src=\"https:\/\/www.forum-soegel.de\/information\/wp-content\/uploads\/2021\/01\/25-Jahre-im-Dienst-der-Samtgemeinde-Soegel-1.jpg\" alt=\"\" data-id=\"30101\" data-full-url=\"https:\/\/www.forum-soegel.de\/information\/wp-content\/uploads\/2021\/01\/25-Jahre-im-Dienst-der-Samtgemeinde-Soegel-1.jpg\" data-link=\"https:\/\/www.forum-soegel.de\/information\/?attachment_id=30101\" class=\"wp-image-30101\" srcset=\"https:\/\/www.forum-soegel.de\/information\/wp-content\/uploads\/2021\/01\/25-Jahre-im-Dienst-der-Samtgemeinde-Soegel-1.jpg 583w, https:\/\/www.forum-soegel.de\/information\/wp-content\/uploads\/2021\/01\/25-Jahre-im-Dienst-der-Samtgemeinde-Soegel-1-228x300.jpg 228w\" sizes=\"auto, (max-width: 583px) 100vw, 583px\" \/><\/a><\/figure><\/li><\/ul><\/figure>\n","protected":false},"excerpt":{"rendered":"Klein Ber\u00dfen &#8211; Seit 25 Jahren ist Paul Ipen bei der Samtgemeinde S\u00f6gel besch\u00e4ftigt. In einer kleinen Feierstunde w\u00fcrdigte die Allgemeine Stellvertreterin des Samtgemeindeb\u00fcrgermeisters Cornelia Willigmann-Kassner gemeinsam mit Heiner Voss als Vertreter der Gemeinde Klein Ber\u00dfen und Schulleiter Matthias Wraga seinen stets zuverl\u00e4ssigen Arbeitseinsatz in all diesen Jahren. Der Aufgabenschwerpunkt von Paul Ipen liegt in [&hellip;]\n","protected":false},"author":2,"featured_media":0,"comment_status":"closed","ping_status":"closed","sticky":false,"template":"","format":"standard","meta":{"ngg_post_thumbnail":0,"footnotes":""},"categories":[3],"tags":[],"class_list":["post-30100","post","type-post","status-publish","format-standard","hentry","category-aktuelles-aus-der-region"],"_links":{"self":[{"href":"https:\/\/www.forum-soegel.de\/information\/wp-json\/wp\/v2\/posts\/30100","targetHints":{"allow":["GET"]}}],"collection":[{"href":"https:\/\/www.forum-soegel.de\/information\/wp-json\/wp\/v2\/posts"}],"about":[{"href":"https:\/\/www.forum-soegel.de\/information\/wp-json\/wp\/v2\/types\/post"}],"author":[{"embeddable":true,"href":"https:\/\/www.forum-soegel.de\/information\/wp-json\/wp\/v2\/users\/2"}],"replies":[{"embeddable":true,"href":"https:\/\/www.forum-soegel.de\/information\/wp-json\/wp\/v2\/comments?post=30100"}],"version-history":[{"count":1,"href":"https:\/\/www.forum-soegel.de\/information\/wp-json\/wp\/v2\/posts\/30100\/revisions"}],"predecessor-version":[{"id":30102,"href":"https:\/\/www.forum-soegel.de\/information\/wp-json\/wp\/v2\/posts\/30100\/revisions\/30102"}],"wp:attachment":[{"href":"https:\/\/www.forum-soegel.de\/information\/wp-json\/wp\/v2\/media?parent=30100"}],"wp:term":[{"taxonomy":"category","embeddable":true,"href":"https:\/\/www.forum-soegel.de\/information\/wp-json\/wp\/v2\/categories?post=30100"},{"taxonomy":"post_tag","embeddable":true,"href":"https:\/\/www.forum-soegel.de\/information\/wp-json\/wp\/v2\/tags?post=30100"}],"curies":[{"name":"wp","href":"https:\/\/api.w.org\/{rel}","templated":true}]}}