{"id":30091,"date":"2020-12-20T18:26:54","date_gmt":"2020-12-20T17:26:54","guid":{"rendered":"https:\/\/www.forum-soegel.de\/information\/?p=30091"},"modified":"2020-12-20T18:26:55","modified_gmt":"2020-12-20T17:26:55","slug":"zwei-neue-sg-ratsmitglieder-verpflichtet","status":"publish","type":"post","link":"https:\/\/www.forum-soegel.de\/information\/2020\/12\/zwei-neue-sg-ratsmitglieder-verpflichtet\/","title":{"rendered":"Zwei neue SG-Ratsmitglieder verpflichtet"},"content":{"rendered":"\n<p>Zwei neue SG-Ratsmitglieder verpflichtet<\/p>\n\n\n\n<p>Samtgemeinde &#8211; In der Sitzung des Samtgemeinderates wurden Christian Sandmann (CDU) und Herbert Seidel (SPD\/Gr\u00fcne-Gruppe) als neue Ratsmitglieder vom SG-B\u00fcrgermeister Wigbers belehrt und verpflichtet. Zu Beginn der Sitzung gedachte der Rat des pl\u00f6tzlich verstorbenen Ratsherrn Bernd Ellermann (Gruppe SPD\/Gr\u00fcne) aus Klein Ber\u00dfen. Ratsvorsitzende Irmgard Welling bezeichnete Ellermann als einen engagierten umg\u00e4nglichen Kollegen. Herbert Seidel tritt seine Nachfolge an und wird wie Ellermann dem Ausschuss f\u00fcr Bauwesen, Umweltschutz und Energie angeh\u00f6ren und Anno Immenga im Samtgemeindeausschuss vertreten. Das Amt des 1. stellvertretenden Ratsvorsitzenden wird laut Beschluss Klaus Fleer antreten. Da Ansgar Kossen (CDU\/FDP\/WL-Gruppe)) nach Meppen gezogen ist, hat er sein Mandat zur\u00fcckgegeben. Irmgard Welling dankte Kossen f\u00fcr seine jahrelange aktive Mitarbeit im Samtgemeinderat. Sein Nachfolger ist der H\u00fcvener Christian Sandmann. Er wird in den Gremien t\u00e4tig sein, in denen Kossen vertreten war<\/p>\n\n\n\n<p>Text\/Foto: LB<\/p>\n\n\n\n<figure class=\"wp-block-image size-large\"><img loading=\"lazy\" decoding=\"async\" width=\"1024\" height=\"683\" src=\"https:\/\/www.forum-soegel.de\/information\/wp-content\/uploads\/2020\/12\/Zwei-neue-SG-Ratsmitglieder-verpflichtet-1024x683.jpg\" alt=\"\" class=\"wp-image-30092\" srcset=\"https:\/\/www.forum-soegel.de\/information\/wp-content\/uploads\/2020\/12\/Zwei-neue-SG-Ratsmitglieder-verpflichtet-1024x683.jpg 1024w, https:\/\/www.forum-soegel.de\/information\/wp-content\/uploads\/2020\/12\/Zwei-neue-SG-Ratsmitglieder-verpflichtet-300x200.jpg 300w, https:\/\/www.forum-soegel.de\/information\/wp-content\/uploads\/2020\/12\/Zwei-neue-SG-Ratsmitglieder-verpflichtet-768x512.jpg 768w, https:\/\/www.forum-soegel.de\/information\/wp-content\/uploads\/2020\/12\/Zwei-neue-SG-Ratsmitglieder-verpflichtet-1536x1025.jpg 1536w, https:\/\/www.forum-soegel.de\/information\/wp-content\/uploads\/2020\/12\/Zwei-neue-SG-Ratsmitglieder-verpflichtet-2048x1366.jpg 2048w\" sizes=\"auto, (max-width: 1024px) 100vw, 1024px\" \/><figcaption>Herbert Seidel (vorne links) und Christian Sandmann (vorne rechts) r\u00fccken in den Samtgemeinderat S\u00f6gel nach. Ratsvorsitzenden Irmgard Welling und SG-B\u00fcrgermeister G\u00fcnter Wigbers begr\u00fc\u00dften die beiden neuen Ratsherren.<\/figcaption><\/figure>\n","protected":false},"excerpt":{"rendered":"Zwei neue SG-Ratsmitglieder verpflichtet Samtgemeinde &#8211; In der Sitzung des Samtgemeinderates wurden Christian Sandmann (CDU) und Herbert Seidel (SPD\/Gr\u00fcne-Gruppe) als neue Ratsmitglieder vom SG-B\u00fcrgermeister Wigbers belehrt und verpflichtet. Zu Beginn der Sitzung gedachte der Rat des pl\u00f6tzlich verstorbenen Ratsherrn Bernd Ellermann (Gruppe SPD\/Gr\u00fcne) aus Klein Ber\u00dfen. Ratsvorsitzende Irmgard Welling bezeichnete Ellermann als einen engagierten umg\u00e4nglichen [&hellip;]\n","protected":false},"author":2,"featured_media":0,"comment_status":"closed","ping_status":"closed","sticky":false,"template":"","format":"standard","meta":{"ngg_post_thumbnail":0,"footnotes":""},"categories":[10],"tags":[],"class_list":["post-30091","post","type-post","status-publish","format-standard","hentry","category-rat-und-verwaltung-informieren"],"_links":{"self":[{"href":"https:\/\/www.forum-soegel.de\/information\/wp-json\/wp\/v2\/posts\/30091","targetHints":{"allow":["GET"]}}],"collection":[{"href":"https:\/\/www.forum-soegel.de\/information\/wp-json\/wp\/v2\/posts"}],"about":[{"href":"https:\/\/www.forum-soegel.de\/information\/wp-json\/wp\/v2\/types\/post"}],"author":[{"embeddable":true,"href":"https:\/\/www.forum-soegel.de\/information\/wp-json\/wp\/v2\/users\/2"}],"replies":[{"embeddable":true,"href":"https:\/\/www.forum-soegel.de\/information\/wp-json\/wp\/v2\/comments?post=30091"}],"version-history":[{"count":1,"href":"https:\/\/www.forum-soegel.de\/information\/wp-json\/wp\/v2\/posts\/30091\/revisions"}],"predecessor-version":[{"id":30093,"href":"https:\/\/www.forum-soegel.de\/information\/wp-json\/wp\/v2\/posts\/30091\/revisions\/30093"}],"wp:attachment":[{"href":"https:\/\/www.forum-soegel.de\/information\/wp-json\/wp\/v2\/media?parent=30091"}],"wp:term":[{"taxonomy":"category","embeddable":true,"href":"https:\/\/www.forum-soegel.de\/information\/wp-json\/wp\/v2\/categories?post=30091"},{"taxonomy":"post_tag","embeddable":true,"href":"https:\/\/www.forum-soegel.de\/information\/wp-json\/wp\/v2\/tags?post=30091"}],"curies":[{"name":"wp","href":"https:\/\/api.w.org\/{rel}","templated":true}]}}