{"id":30089,"date":"2020-12-20T18:24:54","date_gmt":"2020-12-20T17:24:54","guid":{"rendered":"https:\/\/www.forum-soegel.de\/information\/?p=30089"},"modified":"2020-12-20T18:24:55","modified_gmt":"2020-12-20T17:24:55","slug":"samtgemeinde-soegel-stellt-ein","status":"publish","type":"post","link":"https:\/\/www.forum-soegel.de\/information\/2020\/12\/samtgemeinde-soegel-stellt-ein\/","title":{"rendered":"Samtgemeinde S\u00f6gel stellt ein"},"content":{"rendered":"\n<p>S\u00f6gel &#8211; Die Samtgemeinde S\u00f6gel weist darauf hin, dass zum n\u00e4chstm\u00f6glichen Zeitpunkt eine <strong>sozialp\u00e4dagogische Fachkraft in schulischer Sozialarbeit<\/strong><strong> <\/strong>(m\/w\/d) befristet bis zum 30.06.2022 mit einer w\u00f6chentlichen Arbeitszeit von 9,5 Stunden f\u00fcr die Grundschule in B\u00f6rger gesucht wird.<\/p>\n\n\n\n<p>Das Aufgabenspektrum sowie weitere Informationen k\u00f6nnen der detaillierten Ausschreibung im Internet unter <a href=\"https:\/\/www.soegel.de\">www.soegel.de<\/a> und dort unter dem Pfad \u201eSamtgemeinde&gt;Stellenangebote\u201c entnommen werden. Interessierte k\u00f6nnen ihre Bewerbungsunterlagen bis zum <strong>03.01.2021<\/strong> an die Samtgemeinde S\u00f6gel, Fachdienst Personal, Postfach 11 49, 49745 S\u00f6gel bzw. per Email an <a href=\"mailto:bewerbung@soegel.de\">bewerbung@soegel.de<\/a> senden!<\/p>\n\n\n\n<p>Text: Claudia Kr\u00fcger<\/p>\n","protected":false},"excerpt":{"rendered":"S\u00f6gel &#8211; Die Samtgemeinde S\u00f6gel weist darauf hin, dass zum n\u00e4chstm\u00f6glichen Zeitpunkt eine sozialp\u00e4dagogische Fachkraft in schulischer Sozialarbeit (m\/w\/d) befristet bis zum 30.06.2022 mit einer w\u00f6chentlichen Arbeitszeit von 9,5 Stunden f\u00fcr die Grundschule in B\u00f6rger gesucht wird. Das Aufgabenspektrum sowie weitere Informationen k\u00f6nnen der detaillierten Ausschreibung im Internet unter www.soegel.de und dort unter dem Pfad [&hellip;]\n","protected":false},"author":2,"featured_media":0,"comment_status":"closed","ping_status":"closed","sticky":false,"template":"","format":"standard","meta":{"ngg_post_thumbnail":0,"footnotes":""},"categories":[10],"tags":[],"class_list":["post-30089","post","type-post","status-publish","format-standard","hentry","category-rat-und-verwaltung-informieren"],"_links":{"self":[{"href":"https:\/\/www.forum-soegel.de\/information\/wp-json\/wp\/v2\/posts\/30089","targetHints":{"allow":["GET"]}}],"collection":[{"href":"https:\/\/www.forum-soegel.de\/information\/wp-json\/wp\/v2\/posts"}],"about":[{"href":"https:\/\/www.forum-soegel.de\/information\/wp-json\/wp\/v2\/types\/post"}],"author":[{"embeddable":true,"href":"https:\/\/www.forum-soegel.de\/information\/wp-json\/wp\/v2\/users\/2"}],"replies":[{"embeddable":true,"href":"https:\/\/www.forum-soegel.de\/information\/wp-json\/wp\/v2\/comments?post=30089"}],"version-history":[{"count":1,"href":"https:\/\/www.forum-soegel.de\/information\/wp-json\/wp\/v2\/posts\/30089\/revisions"}],"predecessor-version":[{"id":30090,"href":"https:\/\/www.forum-soegel.de\/information\/wp-json\/wp\/v2\/posts\/30089\/revisions\/30090"}],"wp:attachment":[{"href":"https:\/\/www.forum-soegel.de\/information\/wp-json\/wp\/v2\/media?parent=30089"}],"wp:term":[{"taxonomy":"category","embeddable":true,"href":"https:\/\/www.forum-soegel.de\/information\/wp-json\/wp\/v2\/categories?post=30089"},{"taxonomy":"post_tag","embeddable":true,"href":"https:\/\/www.forum-soegel.de\/information\/wp-json\/wp\/v2\/tags?post=30089"}],"curies":[{"name":"wp","href":"https:\/\/api.w.org\/{rel}","templated":true}]}}