{"id":30082,"date":"2020-12-20T18:21:16","date_gmt":"2020-12-20T17:21:16","guid":{"rendered":"https:\/\/www.forum-soegel.de\/information\/?p=30082"},"modified":"2020-12-20T18:21:18","modified_gmt":"2020-12-20T17:21:18","slug":"physiotherapie-zu-coronazeiten-wie-es-bei-uns-weitergeht","status":"publish","type":"post","link":"https:\/\/www.forum-soegel.de\/information\/2020\/12\/physiotherapie-zu-coronazeiten-wie-es-bei-uns-weitergeht\/","title":{"rendered":"Physiotherapie zu Coronazeiten &#8211; Wie es bei uns weitergeht"},"content":{"rendered":"\n<p>S\u00f6gel &#8211; Auch vor der Physiotherapie macht Corona keinen Halt. Wir alle erinnern uns an den M\u00e4rz: Angst und Unsicherheit machten sich breit. Das haben wir auch in unserer Praxis zu sp\u00fcren bekommen. 75-80% der Patienten sagten Behandlungen ab. Wir haben die Zeit genutzt um zu renovieren und um ein Hygienekonzept zu entwickeln, damit wir uns alle sicher f\u00fchlen. St\u00fchle wurden auseinander ger\u00fcckt, Plexiglasscheiben h\u00e4ngen nun vor der Rezeption, Maskenpflicht in den Behandlungen, Desinfektion von Fl\u00e4chen und Trainingsger\u00e4ten nach jeder Nutzung sind nur einige der von uns ergriffenen Ma\u00dfnahmen.<\/p>\n\n\n\n<p>Jahrelange Predigten der Verb\u00e4nde, uns ein zweites Standbein im Sinne von Fitness- und Sportbereichen aufzubauen, n\u00fctzten nichts, denn Fitnessstudios sind (im Gegensatz zur Physiotherapie) nicht systemrelevant. Dank unserer verst\u00e4ndnisvollen Mitglieder, konnten wir schlie\u00dflich den monatlichen Beitrag f\u00fcr den Fitnessbereich im April trotzdem einziehen. Im Gegenzug dazu zahlen wir die Beitr\u00e4ge nach alphabetischer Reihenfolge an jeweils 10-15 von ihnen pro Monat zur\u00fcck, sodass sich unser Verlust auf l\u00e4ngere Zeit und mehrere Monate verteilt. Daf\u00fcr sind wir sehr dankbar und freuen uns \u00fcber die positive Resonanz und den Zuspruch unserer Mitglieder.<\/p>\n\n\n\n<p>F\u00fcr unsere Physiotherapie sollte es von nun an eine Hygienepauschale in H\u00f6he von 1,50\u20ac pro Heilmittelverordnung geben, die uns bei einem solchen Patientenr\u00fcckgang allerdings nicht wirklich viel n\u00fctzt und daher nur ein Tropfen auf den hei\u00dfen Stein ist. Doch nach einiger Zeit wurde vielen klar, dass es ohne die Behandlungen nicht weitergehen kann, denn wir sind systemrelevant. Und so wagten einige Patienten sich wieder in unsere frisch renovierten R\u00e4umlichkeiten.<\/p>\n\n\n\n<p>Auch in unserem Health Care Zirkel hat sich so einiges getan. Hier steht seit kurzer Zeit ein neues Ger\u00e4t, das sich optimal f\u00fcr Jung und Alt nutzen l\u00e4sst: Der Sensopro. Ein absoluter Allrounder zur Rehabilitation, zum Training f\u00fcr Koordination und Gleichgewicht, zur Sturzprophylaxe, zur Vorbeugung von B\u00e4nderrissen oder auch einfach nur zur allgemeinen Fitness. F\u00fcr jeden ist genau das richtige Programm dabei, da zwischen unterschiedlichen Schwierigkeitsgraden (Health, Fitness, Performance) gew\u00e4hlt werden kann. Leider kann der Zirkel und auch der Sensopro aufgrund des aktuellen Lockdowns nur zu medizinischen Zwecken genutzt werden. Das bedeutet, von all denjenigen, die eine Heilmittelverordnung \u00fcber Krankengymnastik am Ger\u00e4t verschrieben bekommen haben.<\/p>\n\n\n\n<p>Aktuell ist die Lage also folgenderma\u00dfen: Jeder, der eine Heilmittelverordnung hat, darf offiziell von uns behandelt werden und den medizinischen Fitnessbereich nutzen. Falls also auch Sie Beschwerden haben und Physiotherapie ben\u00f6tigen, scheuen Sie sich nicht, einen Termin bei uns zu vereinbaren. Gerne beraten wir sie bei offenen Fragen telefonisch unter der Nummer 05952\/990826. All unsere Mitarbeiter sind stets um Hygiene bem\u00fcht. Wir freuen uns auf Sie und bleiben Sie gesund!<\/p>\n\n\n\n<p>Ihr Team von Physio Vital und Physio Fit<\/p>\n\n\n\n<figure class=\"wp-block-gallery columns-1 is-cropped wp-block-gallery-1 is-layout-flex wp-block-gallery-is-layout-flex\"><ul class=\"blocks-gallery-grid\"><li class=\"blocks-gallery-item\"><figure><a href=\"https:\/\/www.forum-soegel.de\/information\/wp-content\/uploads\/2020\/12\/Physiotherapie-zu-Corona-Zeiten-scaled.jpg\"><img loading=\"lazy\" decoding=\"async\" width=\"1024\" height=\"469\" src=\"https:\/\/www.forum-soegel.de\/information\/wp-content\/uploads\/2020\/12\/Physiotherapie-zu-Corona-Zeiten-1024x469.jpg\" alt=\"\" data-id=\"30083\" data-full-url=\"https:\/\/www.forum-soegel.de\/information\/wp-content\/uploads\/2020\/12\/Physiotherapie-zu-Corona-Zeiten-scaled.jpg\" data-link=\"https:\/\/www.forum-soegel.de\/information\/?attachment_id=30083\" class=\"wp-image-30083\" srcset=\"https:\/\/www.forum-soegel.de\/information\/wp-content\/uploads\/2020\/12\/Physiotherapie-zu-Corona-Zeiten-1024x469.jpg 1024w, https:\/\/www.forum-soegel.de\/information\/wp-content\/uploads\/2020\/12\/Physiotherapie-zu-Corona-Zeiten-300x138.jpg 300w, https:\/\/www.forum-soegel.de\/information\/wp-content\/uploads\/2020\/12\/Physiotherapie-zu-Corona-Zeiten-768x352.jpg 768w, https:\/\/www.forum-soegel.de\/information\/wp-content\/uploads\/2020\/12\/Physiotherapie-zu-Corona-Zeiten-1536x704.jpg 1536w, https:\/\/www.forum-soegel.de\/information\/wp-content\/uploads\/2020\/12\/Physiotherapie-zu-Corona-Zeiten-2048x939.jpg 2048w\" sizes=\"auto, (max-width: 1024px) 100vw, 1024px\" \/><\/a><\/figure><\/li><\/ul><\/figure>\n","protected":false},"excerpt":{"rendered":"S\u00f6gel &#8211; Auch vor der Physiotherapie macht Corona keinen Halt. Wir alle erinnern uns an den M\u00e4rz: Angst und Unsicherheit machten sich breit. Das haben wir auch in unserer Praxis zu sp\u00fcren bekommen. 75-80% der Patienten sagten Behandlungen ab. Wir haben die Zeit genutzt um zu renovieren und um ein Hygienekonzept zu entwickeln, damit wir [&hellip;]\n","protected":false},"author":2,"featured_media":0,"comment_status":"closed","ping_status":"closed","sticky":false,"template":"","format":"standard","meta":{"ngg_post_thumbnail":0,"footnotes":""},"categories":[25],"tags":[],"class_list":["post-30082","post","type-post","status-publish","format-standard","hentry","category-hauptsache-gesund"],"_links":{"self":[{"href":"https:\/\/www.forum-soegel.de\/information\/wp-json\/wp\/v2\/posts\/30082","targetHints":{"allow":["GET"]}}],"collection":[{"href":"https:\/\/www.forum-soegel.de\/information\/wp-json\/wp\/v2\/posts"}],"about":[{"href":"https:\/\/www.forum-soegel.de\/information\/wp-json\/wp\/v2\/types\/post"}],"author":[{"embeddable":true,"href":"https:\/\/www.forum-soegel.de\/information\/wp-json\/wp\/v2\/users\/2"}],"replies":[{"embeddable":true,"href":"https:\/\/www.forum-soegel.de\/information\/wp-json\/wp\/v2\/comments?post=30082"}],"version-history":[{"count":1,"href":"https:\/\/www.forum-soegel.de\/information\/wp-json\/wp\/v2\/posts\/30082\/revisions"}],"predecessor-version":[{"id":30084,"href":"https:\/\/www.forum-soegel.de\/information\/wp-json\/wp\/v2\/posts\/30082\/revisions\/30084"}],"wp:attachment":[{"href":"https:\/\/www.forum-soegel.de\/information\/wp-json\/wp\/v2\/media?parent=30082"}],"wp:term":[{"taxonomy":"category","embeddable":true,"href":"https:\/\/www.forum-soegel.de\/information\/wp-json\/wp\/v2\/categories?post=30082"},{"taxonomy":"post_tag","embeddable":true,"href":"https:\/\/www.forum-soegel.de\/information\/wp-json\/wp\/v2\/tags?post=30082"}],"curies":[{"name":"wp","href":"https:\/\/api.w.org\/{rel}","templated":true}]}}