{"id":30034,"date":"2020-12-20T17:53:32","date_gmt":"2020-12-20T16:53:32","guid":{"rendered":"https:\/\/www.forum-soegel.de\/information\/?p=30034"},"modified":"2020-12-20T17:53:34","modified_gmt":"2020-12-20T16:53:34","slug":"emslaendische-karnevalshochburg-bietet-digitale-alternative-soegel-wie-es-singt-und-lacht-per-videoclip","status":"publish","type":"post","link":"https:\/\/www.forum-soegel.de\/information\/2020\/12\/emslaendische-karnevalshochburg-bietet-digitale-alternative-soegel-wie-es-singt-und-lacht-per-videoclip\/","title":{"rendered":"Emsl\u00e4ndische Karnevalshochburg bietet digitale Alternative &#8211; S\u00f6gel wie es singt und lacht per Videoclip"},"content":{"rendered":"\n<p>S\u00f6gel &#8211; Eigentlich w\u00e4ren jetzt schon die Eintrittskarten f\u00fcr die vier S\u00f6geler Karnevalsabende, die traditionell an vier Abenden in der Karnevalssaison im Clemenswerther Hof geboten werden, gedruckt. Rund um den 11.11. startete in den letzten Jahren der Kartenvorverkauf. In diesem Jahr ist alles anders. Deutschlandweit werden die Karnevalsveranstaltungen aufgrund der Coronapandemie abgesagt. Auch in S\u00f6gel.<\/p>\n\n\n\n<p>\u201eAber wir wollen unser Publikum nicht im Stich lassen. Der Karneval findet im kommenden Jahr statt \u2013 nur anders!\u201c, so der Pr\u00e4sident des S\u00f6geler Karnevals, Johannes Lake. Nachdem in den vergangenen Wochen immer mehr deutlich wurde, dass auch der bereits angedachte Alternativstandort in der S\u00f6geler Reithalle aufgrund der Einschr\u00e4nkungen infolge der Coronapandemie nicht umsetzbar ist und auch die Vorbereitungen durch die Kontaktbeschr\u00e4nkungen stark eingeschr\u00e4nkt sind, w\u00e4hlt der Ausschuss jetzt die digitale Alternative. \u201eDamit halten wir unsere harte Fangemeinde aber auch unsere Akteure bei Laune!\u201c, erg\u00e4nzt der Zeremonienmeister Johannes Mielke.<\/p>\n\n\n\n<p>Die Videos sollen zwischen 1:30 und 2:00 Minuten lang sein und werden \u00fcber alle zu Verf\u00fcgung stehenden Medien nach einem festen Fahrplan in der S\u00f6geler Karnevalswoche vom 29.01. \u2013 06.02.2021ver\u00f6ffentlicht. \u201eSo halten wir den Kontakt zu unserem Publikum und zu unseren Akteuren.\u201c hei\u00dft es aus dem Vorstand. \u201eDenn die Karnevalsvorbereitungen geh\u00f6ren f\u00fcr uns Karnevalisten, Musikanten und Witzbolden einfach zum Leben dazu!\u201c<\/p>\n\n\n\n<p>Doch damit ist noch nicht genug. Am 05. Juni kommenden Jahres soll \u2013 sofern erlaubt &#8211; ein \u201eBunter Abend \u2013 S\u00f6gel, wie es singt und lacht\u201c auf dem S\u00f6geler Markplatz stattfinden. Hierzu wird ein \u201eBest off\u201c-Film aus dem vorliegenden Videomaterial aller bisherigen Sitzungen erstellt. \u201eOb unvergessene Auftritte von Wilhelm von der Bundeswehr, \u00fcber Biggenbernd bis hin zu Rock &amp; Roll &#8211; um nur einige der hervorragenden Akteure der letzten Jahre zu nennen \u2013 alles wollen wir gemeinsam auf dem Marktplatz Revue passieren lassen. Ziel ist ein spa\u00dfiger Karnevalsr\u00fcckblick in Spielfilml\u00e4nge, sozusagen ein Kinokarnevalsabend\u201c. Die Kolpingkapelle wird mit Karnevalsmusik den Abend stimmungsvoll begleiten. Im Anschluss wird der Abend mit Kapelle und Akteuren ausklingen.<\/p>\n\n\n\n<p>Text\/Foto: Ingrid Cloppenburg<\/p>\n\n\n\n<figure class=\"wp-block-gallery columns-1 is-cropped wp-block-gallery-1 is-layout-flex wp-block-gallery-is-layout-flex\"><ul class=\"blocks-gallery-grid\"><li class=\"blocks-gallery-item\"><figure><a href=\"https:\/\/www.forum-soegel.de\/information\/wp-content\/uploads\/2020\/12\/Soegel-wie-es-singt-und-lacht-per-Videoclip-1.jpg\"><img loading=\"lazy\" decoding=\"async\" width=\"926\" height=\"768\" src=\"https:\/\/www.forum-soegel.de\/information\/wp-content\/uploads\/2020\/12\/Soegel-wie-es-singt-und-lacht-per-Videoclip-1.jpg\" alt=\"\" data-id=\"30035\" data-full-url=\"https:\/\/www.forum-soegel.de\/information\/wp-content\/uploads\/2020\/12\/Soegel-wie-es-singt-und-lacht-per-Videoclip-1.jpg\" data-link=\"https:\/\/www.forum-soegel.de\/information\/?attachment_id=30035\" class=\"wp-image-30035\" srcset=\"https:\/\/www.forum-soegel.de\/information\/wp-content\/uploads\/2020\/12\/Soegel-wie-es-singt-und-lacht-per-Videoclip-1.jpg 926w, https:\/\/www.forum-soegel.de\/information\/wp-content\/uploads\/2020\/12\/Soegel-wie-es-singt-und-lacht-per-Videoclip-1-300x249.jpg 300w, https:\/\/www.forum-soegel.de\/information\/wp-content\/uploads\/2020\/12\/Soegel-wie-es-singt-und-lacht-per-Videoclip-1-768x637.jpg 768w\" sizes=\"auto, (max-width: 926px) 100vw, 926px\" \/><\/a><\/figure><\/li><\/ul><figcaption class=\"blocks-gallery-caption\">\u201eWir k\u00f6nnen auch digital\u201c ist das Motto der kommenden Karnevalssaison der S\u00f6geler Karnevalisten. Auf viele bunte Videoclips k\u00f6nnen sich die Freunde des S\u00f6geler Karnevals ab dem 29. Januar freuen. V.l. Johannes Lake, Johannes Mielke<\/figcaption><\/figure>\n","protected":false},"excerpt":{"rendered":"S\u00f6gel &#8211; Eigentlich w\u00e4ren jetzt schon die Eintrittskarten f\u00fcr die vier S\u00f6geler Karnevalsabende, die traditionell an vier Abenden in der Karnevalssaison im Clemenswerther Hof geboten werden, gedruckt. Rund um den 11.11. startete in den letzten Jahren der Kartenvorverkauf. In diesem Jahr ist alles anders. Deutschlandweit werden die Karnevalsveranstaltungen aufgrund der Coronapandemie abgesagt. Auch in S\u00f6gel. [&hellip;]\n","protected":false},"author":2,"featured_media":0,"comment_status":"closed","ping_status":"closed","sticky":false,"template":"","format":"standard","meta":{"ngg_post_thumbnail":0,"footnotes":""},"categories":[5],"tags":[],"class_list":["post-30034","post","type-post","status-publish","format-standard","hentry","category-was-machen-die-vereine"],"_links":{"self":[{"href":"https:\/\/www.forum-soegel.de\/information\/wp-json\/wp\/v2\/posts\/30034","targetHints":{"allow":["GET"]}}],"collection":[{"href":"https:\/\/www.forum-soegel.de\/information\/wp-json\/wp\/v2\/posts"}],"about":[{"href":"https:\/\/www.forum-soegel.de\/information\/wp-json\/wp\/v2\/types\/post"}],"author":[{"embeddable":true,"href":"https:\/\/www.forum-soegel.de\/information\/wp-json\/wp\/v2\/users\/2"}],"replies":[{"embeddable":true,"href":"https:\/\/www.forum-soegel.de\/information\/wp-json\/wp\/v2\/comments?post=30034"}],"version-history":[{"count":1,"href":"https:\/\/www.forum-soegel.de\/information\/wp-json\/wp\/v2\/posts\/30034\/revisions"}],"predecessor-version":[{"id":30036,"href":"https:\/\/www.forum-soegel.de\/information\/wp-json\/wp\/v2\/posts\/30034\/revisions\/30036"}],"wp:attachment":[{"href":"https:\/\/www.forum-soegel.de\/information\/wp-json\/wp\/v2\/media?parent=30034"}],"wp:term":[{"taxonomy":"category","embeddable":true,"href":"https:\/\/www.forum-soegel.de\/information\/wp-json\/wp\/v2\/categories?post=30034"},{"taxonomy":"post_tag","embeddable":true,"href":"https:\/\/www.forum-soegel.de\/information\/wp-json\/wp\/v2\/tags?post=30034"}],"curies":[{"name":"wp","href":"https:\/\/api.w.org\/{rel}","templated":true}]}}