{"id":29891,"date":"2020-11-15T20:06:40","date_gmt":"2020-11-15T19:06:40","guid":{"rendered":"https:\/\/www.forum-soegel.de\/information\/?p=29891"},"modified":"2020-11-15T20:06:42","modified_gmt":"2020-11-15T19:06:42","slug":"vorschulklasse-auf-den-spuren-von-fair-trade","status":"publish","type":"post","link":"https:\/\/www.forum-soegel.de\/information\/2020\/11\/vorschulklasse-auf-den-spuren-von-fair-trade\/","title":{"rendered":"Vorschulklasse auf den Spuren von \u201eFair Trade\u201c"},"content":{"rendered":"\n<p>Ganz junge G\u00e4ste konnte das Ladenteam des Weltladens S\u00f6gel begr\u00fc\u00dfen. Karina Jansen und Claudia Grote vom Familienzentrum St. Jakobus waren im Rahmen der \u201eFairen Woche\u201c mit 21&nbsp;Vorschulkindern zu Gast im Laden.<\/p>\n\n\n\n<p>Dieser Besuch war der Abschluss einer intensiven Vorbereitungsphase im Kindergarten, der Ende 2019 vom Verein zur F\u00f6rderung entwicklungspolitischer Bildungsarbeit (VEB) als &#8222;Faire Kita&#8220; anerkannt worden war.<\/p>\n\n\n\n<p>Die Kinder lernten in der Fairen Woche, wie sich ihr Leben zum Beispiel von den Lebensumst\u00e4nden eines M\u00e4dchens in Indien unterscheidet. Durch eine Pr\u00e4sentation erfuhren sie viel Wissenswertes \u00fcber das Familienleben,&nbsp; das Nahrungsmittelangebot, das Gesundheitssystem,&nbsp; das schulische Leben und das Bildungsangebot in Indien. In den Gespr\u00e4chen konnten die Vorschulkindern die Unterschiede gut herausarbeiten, \u201eDas haben die Kinder super gemacht\u201c, sagten die stellvertretende Leiterin des Familienzentrums, Karina Jansen und die Betreuerin Claudia Grote, die sich \u00fcbrigens ehrenamtlich im Vorstand des Vereins \u201eUnsere Welt &#8211; Eine Welt\u201c engagiert. Beide hatten neben weiteren Mitarbeitern des Familienzentrums an dem Projekt in der Fairen Woche mitgearbeitet.<\/p>\n\n\n\n<p>Zum Projektinhalt geh\u00f6rte auch das Kennenlernen der der Einrichtungen wie zum Beispiel GEPA und El Puente, die das Siegel des fairen Handelns f\u00fchren d\u00fcrfen. Die Kinder erfuhren, wie man mit deren Hilfe&nbsp; auch aus der Ferne etwas tun kann f\u00fcr die Menschen in benachteiligten und \u00e4rmeren L\u00e4ndern, um ein besseres Leben f\u00fchren zu k\u00f6nnen.<\/p>\n\n\n\n<p>Im Weltladen durften die G\u00e4ste nach fair gehandelten Produkten und deren Kennzeichen Ausschau halten. Auch dabei waren sie mit gro\u00dfem Elan bei der Sache, wie das Ladenteam erfreut feststellen konnte. Dass die Faire Woche und nicht zuletzt auch der Besuch im Weltladen nachhaltigen Eindruck bei den Kindern hinterlassen hat, kam auch noch in den Tagen nach der Projektwoche immer wieder zum Ausdruck. Die Kinder erz\u00e4hlten, dass sei beim Einkaufen in den Gesch\u00e4ften, die ebenfalls fair gehandelt Produkte anbieten, f\u00fcndig geworden seien. Auch seien sie teilweise anschlie\u00dfend mit den Eltern zum Einkaufen im Weltladen gewesen.<\/p>\n\n\n\n<p>Sowohl f\u00fcr den der Verein \u201eEine-Welt &#8211; Unsere Welt\u201c als auch f\u00fcr das Familienzentrum\u00a0 war die Projektwoche ein wichtiger Schritt, um den Kindern den Wert und die Bedeutung des Fairen Handels f\u00fcr die Menschen in \u00e4rmeren L\u00e4ndern nahezubringen. <\/p>\n\n\n\n<p>Text: LB \/ Foto: Weltladen<\/p>\n\n\n\n<figure class=\"wp-block-gallery columns-1 is-cropped wp-block-gallery-1 is-layout-flex wp-block-gallery-is-layout-flex\"><ul class=\"blocks-gallery-grid\"><li class=\"blocks-gallery-item\"><figure><a href=\"https:\/\/www.forum-soegel.de\/information\/wp-content\/uploads\/2020\/11\/Vorschulklasse-und-Faire-Woche-scaled.jpeg\"><img loading=\"lazy\" decoding=\"async\" width=\"1024\" height=\"768\" src=\"https:\/\/www.forum-soegel.de\/information\/wp-content\/uploads\/2020\/11\/Vorschulklasse-und-Faire-Woche-1024x768.jpeg\" alt=\"\" data-id=\"29892\" data-full-url=\"https:\/\/www.forum-soegel.de\/information\/wp-content\/uploads\/2020\/11\/Vorschulklasse-und-Faire-Woche-scaled.jpeg\" data-link=\"https:\/\/www.forum-soegel.de\/information\/?attachment_id=29892\" class=\"wp-image-29892\" srcset=\"https:\/\/www.forum-soegel.de\/information\/wp-content\/uploads\/2020\/11\/Vorschulklasse-und-Faire-Woche-1024x768.jpeg 1024w, https:\/\/www.forum-soegel.de\/information\/wp-content\/uploads\/2020\/11\/Vorschulklasse-und-Faire-Woche-300x225.jpeg 300w, https:\/\/www.forum-soegel.de\/information\/wp-content\/uploads\/2020\/11\/Vorschulklasse-und-Faire-Woche-768x576.jpeg 768w, https:\/\/www.forum-soegel.de\/information\/wp-content\/uploads\/2020\/11\/Vorschulklasse-und-Faire-Woche-1536x1152.jpeg 1536w, https:\/\/www.forum-soegel.de\/information\/wp-content\/uploads\/2020\/11\/Vorschulklasse-und-Faire-Woche-2048x1536.jpeg 2048w\" sizes=\"auto, (max-width: 1024px) 100vw, 1024px\" \/><\/a><\/figure><\/li><\/ul><figcaption class=\"blocks-gallery-caption\">Zu Besuch im S\u00f6geler Weltladen waren die Vorschulkinder des Familienzentrums St. Jakobus.<\/figcaption><\/figure>\n","protected":false},"excerpt":{"rendered":"Ganz junge G\u00e4ste konnte das Ladenteam des Weltladens S\u00f6gel begr\u00fc\u00dfen. Karina Jansen und Claudia Grote vom Familienzentrum St. Jakobus waren im Rahmen der \u201eFairen Woche\u201c mit 21&nbsp;Vorschulkindern zu Gast im Laden. Dieser Besuch war der Abschluss einer intensiven Vorbereitungsphase im Kindergarten, der Ende 2019 vom Verein zur F\u00f6rderung entwicklungspolitischer Bildungsarbeit (VEB) als &#8222;Faire Kita&#8220; anerkannt [&hellip;]\n","protected":false},"author":2,"featured_media":0,"comment_status":"closed","ping_status":"closed","sticky":false,"template":"","format":"standard","meta":{"ngg_post_thumbnail":0,"footnotes":""},"categories":[5],"tags":[],"class_list":["post-29891","post","type-post","status-publish","format-standard","hentry","category-was-machen-die-vereine"],"_links":{"self":[{"href":"https:\/\/www.forum-soegel.de\/information\/wp-json\/wp\/v2\/posts\/29891","targetHints":{"allow":["GET"]}}],"collection":[{"href":"https:\/\/www.forum-soegel.de\/information\/wp-json\/wp\/v2\/posts"}],"about":[{"href":"https:\/\/www.forum-soegel.de\/information\/wp-json\/wp\/v2\/types\/post"}],"author":[{"embeddable":true,"href":"https:\/\/www.forum-soegel.de\/information\/wp-json\/wp\/v2\/users\/2"}],"replies":[{"embeddable":true,"href":"https:\/\/www.forum-soegel.de\/information\/wp-json\/wp\/v2\/comments?post=29891"}],"version-history":[{"count":1,"href":"https:\/\/www.forum-soegel.de\/information\/wp-json\/wp\/v2\/posts\/29891\/revisions"}],"predecessor-version":[{"id":29893,"href":"https:\/\/www.forum-soegel.de\/information\/wp-json\/wp\/v2\/posts\/29891\/revisions\/29893"}],"wp:attachment":[{"href":"https:\/\/www.forum-soegel.de\/information\/wp-json\/wp\/v2\/media?parent=29891"}],"wp:term":[{"taxonomy":"category","embeddable":true,"href":"https:\/\/www.forum-soegel.de\/information\/wp-json\/wp\/v2\/categories?post=29891"},{"taxonomy":"post_tag","embeddable":true,"href":"https:\/\/www.forum-soegel.de\/information\/wp-json\/wp\/v2\/tags?post=29891"}],"curies":[{"name":"wp","href":"https:\/\/api.w.org\/{rel}","templated":true}]}}