{"id":29888,"date":"2020-11-15T20:05:04","date_gmt":"2020-11-15T19:05:04","guid":{"rendered":"https:\/\/www.forum-soegel.de\/information\/?p=29888"},"modified":"2020-11-15T20:05:06","modified_gmt":"2020-11-15T19:05:06","slug":"tv-rot-gold-soegel-vereinsmeisterschaften","status":"publish","type":"post","link":"https:\/\/www.forum-soegel.de\/information\/2020\/11\/tv-rot-gold-soegel-vereinsmeisterschaften\/","title":{"rendered":"TV Rot-Gold-S\u00f6gel \u2013 Vereinsmeisterschaften"},"content":{"rendered":"\n<p>S\u00f6gel &#8211; Den Abschluss der diesj\u00e4hrigen Tennissaison bildeten beim S\u00f6geler Tennisverein Rot-Gold wie gewohnt die Vereinsmeisterschaften. Unter Corona-Bedingungen war jedoch vieles anders: Es gab nur ein verkleinertes Teilnehmerfeld, der Austragungsmodus wurde angepasst und der gesellige Teil musste leider ausfallen.<\/p>\n\n\n\n<p>Die Erwachsenen spielten ihre Championsweek bereits vom 21. &#8211; 29. August bei nicht ganz so guten \u00e4u\u00dferen Bedingungen. Trotz allem wurden die Spiele mit viel Leidenschaft, Spielwitz und z.T. auf hohem Niveau ausgetragen.&nbsp;<\/p>\n\n\n\n<p>Die Sieger 2020 sind:<\/p>\n\n\n\n<p>Damen 50 (Doppel):&nbsp;&nbsp;&nbsp;&nbsp; 1. Lilo Jautz\/Stefanie Misgeld<\/p>\n\n\n\n<p>&nbsp;&nbsp;&nbsp;&nbsp;&nbsp;&nbsp;&nbsp;&nbsp;&nbsp;&nbsp;&nbsp;&nbsp;&nbsp;&nbsp;&nbsp;&nbsp;&nbsp;&nbsp;&nbsp;&nbsp;&nbsp;&nbsp;&nbsp;&nbsp;&nbsp; 2.&nbsp; Claudia Unglert\/Rita Haarmann<\/p>\n\n\n\n<p>Damen (Doppel):&nbsp;&nbsp;&nbsp;&nbsp;&nbsp;&nbsp;&nbsp;&nbsp;&nbsp; 1. Lisa Jellinghaus\/Anne Telkmann&nbsp;<\/p>\n\n\n\n<p>2. Christiane Kohnen\/Verena Vagedes.<\/p>\n\n\n\n<p>Mixed:&nbsp;&nbsp;&nbsp;&nbsp;&nbsp;&nbsp;&nbsp;&nbsp;&nbsp;&nbsp;&nbsp;&nbsp;&nbsp;&nbsp;&nbsp;&nbsp;&nbsp;&nbsp;&nbsp;&nbsp;&nbsp;&nbsp;&nbsp;&nbsp; 1. Lisa Jellinghaus\/Max Steuber&nbsp;<\/p>\n\n\n\n<p>2. Verena Vagedes\/Jens Giesecke<\/p>\n\n\n\n<p>Herren:&nbsp;&nbsp;&nbsp;&nbsp;&nbsp;&nbsp;&nbsp;&nbsp;&nbsp;&nbsp;&nbsp;&nbsp;&nbsp;&nbsp;&nbsp;&nbsp;&nbsp;&nbsp;&nbsp;&nbsp;&nbsp;&nbsp;&nbsp;&nbsp; 1. Arne Kulkmann&nbsp;<\/p>\n\n\n\n<p>2. Martin Knipper<\/p>\n\n\n\n<p>Vom 7. &#8211; 11. September waren dann auch die Jugendlichen an der Reihe.&nbsp;&nbsp;&nbsp;&nbsp;&nbsp;&nbsp;&nbsp;&nbsp;&nbsp;&nbsp;&nbsp;&nbsp;&nbsp;&nbsp;&nbsp;&nbsp;&nbsp;&nbsp;&nbsp;&nbsp;&nbsp;&nbsp;&nbsp;&nbsp;&nbsp;&nbsp;&nbsp;&nbsp;&nbsp;&nbsp;&nbsp;&nbsp;&nbsp;&nbsp;&nbsp;&nbsp; Dank der hervorragenden Organisation durch Lisa Jellinghaus und des guten Wetters konnten alle Spiele problemlos durchgef\u00fchrt werden. Besonders in den Begegnungen um die Pl\u00e4tze 1 und 2 mussten die SpielerInnen ihr ganzes K\u00f6nnen aufbieten, so dass nach spannenden Spielen nur ein knappes Ergebnis zum Sieg f\u00fchrte.<\/p>\n\n\n\n<p>Die Sieger 2020 sind:<\/p>\n\n\n\n<p>Juniorinnen B:&nbsp;&nbsp;&nbsp;&nbsp;&nbsp;&nbsp;&nbsp;&nbsp;&nbsp;&nbsp;&nbsp;&nbsp;&nbsp; 1. Paula Kohne&nbsp;&nbsp;&nbsp;&nbsp;&nbsp;&nbsp;&nbsp;&nbsp;&nbsp;&nbsp;&nbsp;&nbsp; 2. Tabea Schild<\/p>\n\n\n\n<p>Juniorinnen C:&nbsp;&nbsp;&nbsp;&nbsp;&nbsp;&nbsp;&nbsp;&nbsp;&nbsp;&nbsp;&nbsp;&nbsp;&nbsp; 1. Antonia Schute&nbsp;&nbsp;&nbsp;&nbsp;&nbsp;&nbsp;&nbsp;&nbsp; 2. Sina Olliges<\/p>\n\n\n\n<p>Midcourt M\u00e4dchen:&nbsp;&nbsp;&nbsp;&nbsp;&nbsp;&nbsp; 1.&nbsp; Lotta Santel&nbsp;&nbsp;&nbsp;&nbsp;&nbsp;&nbsp;&nbsp;&nbsp;&nbsp;&nbsp;&nbsp;&nbsp; 2. Lilly Anneken<\/p>\n\n\n\n<p>Junioren B:&nbsp;&nbsp;&nbsp;&nbsp;&nbsp;&nbsp;&nbsp;&nbsp;&nbsp;&nbsp;&nbsp;&nbsp;&nbsp;&nbsp;&nbsp;&nbsp;&nbsp;&nbsp; 1. Max Kassner&nbsp;&nbsp;&nbsp;&nbsp;&nbsp;&nbsp;&nbsp;&nbsp;&nbsp;&nbsp;&nbsp; 2. Tim Fischer<\/p>\n\n\n\n<p>Junioren C:&nbsp;&nbsp;&nbsp;&nbsp;&nbsp;&nbsp;&nbsp;&nbsp;&nbsp;&nbsp;&nbsp;&nbsp;&nbsp;&nbsp;&nbsp;&nbsp;&nbsp;&nbsp; 1. Daniel Kohnen&nbsp;&nbsp;&nbsp;&nbsp;&nbsp;&nbsp;&nbsp;&nbsp;&nbsp; 2. Jasper Giesecke<\/p>\n\n\n\n<p>Midcourt Jungen:&nbsp;&nbsp;&nbsp;&nbsp;&nbsp;&nbsp;&nbsp;&nbsp;&nbsp; 1. Konstantin Knipper&nbsp;&nbsp; 2. Justus Kla\u00df<\/p>\n\n\n\n<p>Text\/Foto: Klaus Kulkmann<\/p>\n\n\n\n<figure class=\"wp-block-gallery columns-1 is-cropped wp-block-gallery-1 is-layout-flex wp-block-gallery-is-layout-flex\"><ul class=\"blocks-gallery-grid\"><li class=\"blocks-gallery-item\"><figure><a href=\"https:\/\/www.forum-soegel.de\/information\/wp-content\/uploads\/2020\/11\/TV-Rot-Gold-Soegel-Vereinsmeisterschaften-1-scaled.jpg\"><img loading=\"lazy\" decoding=\"async\" width=\"1024\" height=\"480\" src=\"https:\/\/www.forum-soegel.de\/information\/wp-content\/uploads\/2020\/11\/TV-Rot-Gold-Soegel-Vereinsmeisterschaften-1-1024x480.jpg\" alt=\"\" data-id=\"29889\" data-full-url=\"https:\/\/www.forum-soegel.de\/information\/wp-content\/uploads\/2020\/11\/TV-Rot-Gold-Soegel-Vereinsmeisterschaften-1-scaled.jpg\" data-link=\"https:\/\/www.forum-soegel.de\/information\/?attachment_id=29889\" class=\"wp-image-29889\" srcset=\"https:\/\/www.forum-soegel.de\/information\/wp-content\/uploads\/2020\/11\/TV-Rot-Gold-Soegel-Vereinsmeisterschaften-1-1024x480.jpg 1024w, https:\/\/www.forum-soegel.de\/information\/wp-content\/uploads\/2020\/11\/TV-Rot-Gold-Soegel-Vereinsmeisterschaften-1-300x141.jpg 300w, https:\/\/www.forum-soegel.de\/information\/wp-content\/uploads\/2020\/11\/TV-Rot-Gold-Soegel-Vereinsmeisterschaften-1-768x360.jpg 768w, https:\/\/www.forum-soegel.de\/information\/wp-content\/uploads\/2020\/11\/TV-Rot-Gold-Soegel-Vereinsmeisterschaften-1-1536x720.jpg 1536w, https:\/\/www.forum-soegel.de\/information\/wp-content\/uploads\/2020\/11\/TV-Rot-Gold-Soegel-Vereinsmeisterschaften-1-2048x960.jpg 2048w\" sizes=\"auto, (max-width: 1024px) 100vw, 1024px\" \/><\/a><\/figure><\/li><\/ul><figcaption class=\"blocks-gallery-caption\">Nach der Siegerehrung versammelten sich noch einmal Sieger und Platzierte auf dem Centre-Court.<\/figcaption><\/figure>\n","protected":false},"excerpt":{"rendered":"S\u00f6gel &#8211; Den Abschluss der diesj\u00e4hrigen Tennissaison bildeten beim S\u00f6geler Tennisverein Rot-Gold wie gewohnt die Vereinsmeisterschaften. Unter Corona-Bedingungen war jedoch vieles anders: Es gab nur ein verkleinertes Teilnehmerfeld, der Austragungsmodus wurde angepasst und der gesellige Teil musste leider ausfallen. Die Erwachsenen spielten ihre Championsweek bereits vom 21. &#8211; 29. August bei nicht ganz so guten [&hellip;]\n","protected":false},"author":2,"featured_media":0,"comment_status":"closed","ping_status":"closed","sticky":false,"template":"","format":"standard","meta":{"ngg_post_thumbnail":0,"footnotes":""},"categories":[5],"tags":[],"class_list":["post-29888","post","type-post","status-publish","format-standard","hentry","category-was-machen-die-vereine"],"_links":{"self":[{"href":"https:\/\/www.forum-soegel.de\/information\/wp-json\/wp\/v2\/posts\/29888","targetHints":{"allow":["GET"]}}],"collection":[{"href":"https:\/\/www.forum-soegel.de\/information\/wp-json\/wp\/v2\/posts"}],"about":[{"href":"https:\/\/www.forum-soegel.de\/information\/wp-json\/wp\/v2\/types\/post"}],"author":[{"embeddable":true,"href":"https:\/\/www.forum-soegel.de\/information\/wp-json\/wp\/v2\/users\/2"}],"replies":[{"embeddable":true,"href":"https:\/\/www.forum-soegel.de\/information\/wp-json\/wp\/v2\/comments?post=29888"}],"version-history":[{"count":1,"href":"https:\/\/www.forum-soegel.de\/information\/wp-json\/wp\/v2\/posts\/29888\/revisions"}],"predecessor-version":[{"id":29890,"href":"https:\/\/www.forum-soegel.de\/information\/wp-json\/wp\/v2\/posts\/29888\/revisions\/29890"}],"wp:attachment":[{"href":"https:\/\/www.forum-soegel.de\/information\/wp-json\/wp\/v2\/media?parent=29888"}],"wp:term":[{"taxonomy":"category","embeddable":true,"href":"https:\/\/www.forum-soegel.de\/information\/wp-json\/wp\/v2\/categories?post=29888"},{"taxonomy":"post_tag","embeddable":true,"href":"https:\/\/www.forum-soegel.de\/information\/wp-json\/wp\/v2\/tags?post=29888"}],"curies":[{"name":"wp","href":"https:\/\/api.w.org\/{rel}","templated":true}]}}