{"id":29885,"date":"2020-11-15T20:02:50","date_gmt":"2020-11-15T19:02:50","guid":{"rendered":"https:\/\/www.forum-soegel.de\/information\/?p=29885"},"modified":"2020-11-15T20:02:52","modified_gmt":"2020-11-15T19:02:52","slug":"sv-stavern-unterstuetzt-die-landwirtschaft-sandsaecke-und-vereinskasse-gefuellt","status":"publish","type":"post","link":"https:\/\/www.forum-soegel.de\/information\/2020\/11\/sv-stavern-unterstuetzt-die-landwirtschaft-sandsaecke-und-vereinskasse-gefuellt\/","title":{"rendered":"SV Stavern unterst\u00fctzt die Landwirtschaft &#8211; Sands\u00e4cke und Vereinskasse gef\u00fcllt"},"content":{"rendered":"\n<p>Stavern &#8211; \u201eDa musste nicht zweimal nachgefragt werden, wir haben sofort zugesagt\u201c, so der Vorsitzende des SV Stavern, Daniel Keuter. Innerhalb von ein paar Stunden stand der Termin und fast genauso schnell kamen die ersten Zusagen der Vereinsmitglieder.<\/p>\n\n\n\n<p>Die Warengenossenschaft der Raiffeisen Ems-Vechte in Ber\u00dfen hatte kurzfristig um Unterst\u00fctzung f\u00fcr die Bef\u00fcllung von Sands\u00e4cken gebeten. Diese werden an die Landwirte der Region weitergeben. Sie dienen dazu die Abdeckfolien der Silagen zu beschweren. Die Auftraggeber erkl\u00e4rten sich bereit, f\u00fcr die geleistete Arbeit einen Obolus in die Kasse des Sportvereins, die aufgrund der bestehenden Einschr\u00e4nkungen erheblich abgeebbt war, zu zahlen.<\/p>\n\n\n\n<p>An einem Wochenende wurden innerhalb von 8 Stunden 5001 S\u00e4cke abgef\u00fcllt, verschn\u00fcrt und auf Paletten verpackt. \u00dcber 50 Vereinsmitglieder, von der Jugend bis zum Seniorenbereich, beteiligten sich in mehreren Schichten an dieser Aktion. \u201eEs ist immer wieder bemerkenswert, wie schnell und unkompliziert die Staverner bereit sind anzupacken\u201c, so die einhellige Meinung des Vorstandes. Und zum Ende der Aktion kam auch wieder der sportliche Ehrgeiz durch und das vorher gesetzte Ziel von 5.000 S\u00e4cken wurde selbstverst\u00e4ndlich erreicht.<\/p>\n\n\n\n<p>Spontan hatten sich der Inhaber des Imbisses \u201eBi Windhus\u201c, die B\u00e4ckerei Meyer und der Staverner Konsum bereit erkl\u00e4rt, f\u00fcr die Verpflegung zu sorgen.<\/p>\n\n\n\n<p>Text\/Foto: Gerd Rode<\/p>\n\n\n\n<figure class=\"wp-block-gallery columns-1 is-cropped wp-block-gallery-1 is-layout-flex wp-block-gallery-is-layout-flex\"><ul class=\"blocks-gallery-grid\"><li class=\"blocks-gallery-item\"><figure><a href=\"https:\/\/www.forum-soegel.de\/information\/wp-content\/uploads\/2020\/11\/SV-Stavern-unterstuetzt-die-Landwirtschaft-Sandsaecke-und-Vereinskasse-gefuellt-1-scaled.jpg\"><img loading=\"lazy\" decoding=\"async\" width=\"1024\" height=\"739\" src=\"https:\/\/www.forum-soegel.de\/information\/wp-content\/uploads\/2020\/11\/SV-Stavern-unterstuetzt-die-Landwirtschaft-Sandsaecke-und-Vereinskasse-gefuellt-1-1024x739.jpg\" alt=\"\" data-id=\"29886\" data-full-url=\"https:\/\/www.forum-soegel.de\/information\/wp-content\/uploads\/2020\/11\/SV-Stavern-unterstuetzt-die-Landwirtschaft-Sandsaecke-und-Vereinskasse-gefuellt-1-scaled.jpg\" data-link=\"https:\/\/www.forum-soegel.de\/information\/?attachment_id=29886\" class=\"wp-image-29886\" srcset=\"https:\/\/www.forum-soegel.de\/information\/wp-content\/uploads\/2020\/11\/SV-Stavern-unterstuetzt-die-Landwirtschaft-Sandsaecke-und-Vereinskasse-gefuellt-1-1024x739.jpg 1024w, https:\/\/www.forum-soegel.de\/information\/wp-content\/uploads\/2020\/11\/SV-Stavern-unterstuetzt-die-Landwirtschaft-Sandsaecke-und-Vereinskasse-gefuellt-1-300x216.jpg 300w, https:\/\/www.forum-soegel.de\/information\/wp-content\/uploads\/2020\/11\/SV-Stavern-unterstuetzt-die-Landwirtschaft-Sandsaecke-und-Vereinskasse-gefuellt-1-768x554.jpg 768w, https:\/\/www.forum-soegel.de\/information\/wp-content\/uploads\/2020\/11\/SV-Stavern-unterstuetzt-die-Landwirtschaft-Sandsaecke-und-Vereinskasse-gefuellt-1-1536x1108.jpg 1536w, https:\/\/www.forum-soegel.de\/information\/wp-content\/uploads\/2020\/11\/SV-Stavern-unterstuetzt-die-Landwirtschaft-Sandsaecke-und-Vereinskasse-gefuellt-1-2048x1477.jpg 2048w\" sizes=\"auto, (max-width: 1024px) 100vw, 1024px\" \/><\/a><\/figure><\/li><\/ul><figcaption class=\"blocks-gallery-caption\">Die Sportler des SV Stavern beim Training einer etwas anderen Art<\/figcaption><\/figure>\n","protected":false},"excerpt":{"rendered":"Stavern &#8211; \u201eDa musste nicht zweimal nachgefragt werden, wir haben sofort zugesagt\u201c, so der Vorsitzende des SV Stavern, Daniel Keuter. Innerhalb von ein paar Stunden stand der Termin und fast genauso schnell kamen die ersten Zusagen der Vereinsmitglieder. Die Warengenossenschaft der Raiffeisen Ems-Vechte in Ber\u00dfen hatte kurzfristig um Unterst\u00fctzung f\u00fcr die Bef\u00fcllung von Sands\u00e4cken gebeten. [&hellip;]\n","protected":false},"author":2,"featured_media":0,"comment_status":"closed","ping_status":"closed","sticky":false,"template":"","format":"standard","meta":{"ngg_post_thumbnail":0,"footnotes":""},"categories":[5],"tags":[],"class_list":["post-29885","post","type-post","status-publish","format-standard","hentry","category-was-machen-die-vereine"],"_links":{"self":[{"href":"https:\/\/www.forum-soegel.de\/information\/wp-json\/wp\/v2\/posts\/29885","targetHints":{"allow":["GET"]}}],"collection":[{"href":"https:\/\/www.forum-soegel.de\/information\/wp-json\/wp\/v2\/posts"}],"about":[{"href":"https:\/\/www.forum-soegel.de\/information\/wp-json\/wp\/v2\/types\/post"}],"author":[{"embeddable":true,"href":"https:\/\/www.forum-soegel.de\/information\/wp-json\/wp\/v2\/users\/2"}],"replies":[{"embeddable":true,"href":"https:\/\/www.forum-soegel.de\/information\/wp-json\/wp\/v2\/comments?post=29885"}],"version-history":[{"count":1,"href":"https:\/\/www.forum-soegel.de\/information\/wp-json\/wp\/v2\/posts\/29885\/revisions"}],"predecessor-version":[{"id":29887,"href":"https:\/\/www.forum-soegel.de\/information\/wp-json\/wp\/v2\/posts\/29885\/revisions\/29887"}],"wp:attachment":[{"href":"https:\/\/www.forum-soegel.de\/information\/wp-json\/wp\/v2\/media?parent=29885"}],"wp:term":[{"taxonomy":"category","embeddable":true,"href":"https:\/\/www.forum-soegel.de\/information\/wp-json\/wp\/v2\/categories?post=29885"},{"taxonomy":"post_tag","embeddable":true,"href":"https:\/\/www.forum-soegel.de\/information\/wp-json\/wp\/v2\/tags?post=29885"}],"curies":[{"name":"wp","href":"https:\/\/api.w.org\/{rel}","templated":true}]}}