{"id":29864,"date":"2020-11-15T20:00:46","date_gmt":"2020-11-15T19:00:46","guid":{"rendered":"https:\/\/www.forum-soegel.de\/information\/?p=29864"},"modified":"2020-11-15T20:00:47","modified_gmt":"2020-11-15T19:00:47","slug":"man-sieht-auch-mit-maske-wenn-du-lachst","status":"publish","type":"post","link":"https:\/\/www.forum-soegel.de\/information\/2020\/11\/man-sieht-auch-mit-maske-wenn-du-lachst\/","title":{"rendered":"\u201eMan sieht auch mit Maske, wenn du lachst\u2026\u2026\u2026\u201c"},"content":{"rendered":"\n<div class=\"wp-block-image\"><figure class=\"alignleft size-medium\"><img loading=\"lazy\" decoding=\"async\" width=\"300\" height=\"225\" src=\"https:\/\/www.forum-soegel.de\/information\/wp-content\/uploads\/2020\/11\/Man-sieht-auch-mit-Maske-1-300x225.jpg\" alt=\"\" class=\"wp-image-29883\" srcset=\"https:\/\/www.forum-soegel.de\/information\/wp-content\/uploads\/2020\/11\/Man-sieht-auch-mit-Maske-1-300x225.jpg 300w, https:\/\/www.forum-soegel.de\/information\/wp-content\/uploads\/2020\/11\/Man-sieht-auch-mit-Maske-1-1024x768.jpg 1024w, https:\/\/www.forum-soegel.de\/information\/wp-content\/uploads\/2020\/11\/Man-sieht-auch-mit-Maske-1-768x576.jpg 768w, https:\/\/www.forum-soegel.de\/information\/wp-content\/uploads\/2020\/11\/Man-sieht-auch-mit-Maske-1-1536x1152.jpg 1536w, https:\/\/www.forum-soegel.de\/information\/wp-content\/uploads\/2020\/11\/Man-sieht-auch-mit-Maske-1-2048x1536.jpg 2048w\" sizes=\"auto, (max-width: 300px) 100vw, 300px\" \/><\/figure><\/div>\n\n\n\n<p>S\u00f6gel &#8211; Ein gro\u00dfes L\u00e4cheln haben Agnes, Doris, Ulrike, Helena, Daniela, Ramona, Kathrin, Dagmar, Ruth, Carmen und Irmgard, die Frauen der S\u00f6geler N\u00e4hgruppe, gleich drei \u00f6rtlichen Vereinen ins Gesicht gezaubert.<\/p>\n\n\n\n<p>Auf ganz unkomplizierte und selbstverst\u00e4ndliche Art und Weise haben diese Frauen viel Zeit und M\u00fche in die Produktion von Mund-und Nasenschutzmasken investiert.<\/p>\n\n\n\n<p>An die 5000 Masken wurden gro\u00dfz\u00fcgig an verschiedene Vereine und Einrichtungen verteilt bzw. gegen eine Spende z.B. in den Apotheken abgegeben. Die bunten Mund- und Nasenschutzmasken sind ein wichtiger Beitrag, um die Ausbreitung der vorherrschenden&nbsp; Corona-Pandemie einzud\u00e4mmen.<\/p>\n\n\n\n<p>Der Betrag in H\u00f6he von 1500 Euro kommt nun zu gleichen Teilen den Vereinen<\/p>\n\n\n\n<ul class=\"wp-block-list\"><li>Bauchgef\u00fchl &#8211; Bauchredner helfen Kindern um Dr. Max Steuber,<\/li><li>Belu Brunnenbau-Hilfe zur Selbsthilfe in Uganda um Ludwig Wilkens und Bernd Rickermann,<\/li><li>S\u00f6geler Hospiz e.V.- Begleitung sterbender Menschen und derer Zugeh\u00f6rigen<\/li><\/ul>\n\n\n\n<p>zugute. Die Spenden flie\u00dfen durch die Arbeit der jeweiligen Vereine direkt zur\u00fcck ins \u00f6rtliche Ehrenamt, ein sehr sch\u00f6ner positiver Nebeneffekt, den die aktuelle Situation hervorgebracht hat.<\/p>\n\n\n\n<p>Von ganzem Herzen und mit einem L\u00e4cheln bedanken sich alle drei Vereine f\u00fcr diesen ehrenamtlichen und vorbildlichen Einsatz.<\/p>\n\n\n\n<p>Text\/Foto: Im Auftrag Steffie Olliges f\u00fcr den S\u00f6geler Hospiz e.V.<\/p>\n\n\n\n<figure class=\"wp-block-gallery columns-3 is-cropped wp-block-gallery-1 is-layout-flex wp-block-gallery-is-layout-flex\"><ul class=\"blocks-gallery-grid\"><li class=\"blocks-gallery-item\"><figure><a href=\"https:\/\/www.forum-soegel.de\/information\/wp-content\/uploads\/2020\/11\/Man-sieht-auch-mit-Maske-2-1.jpg\"><img loading=\"lazy\" decoding=\"async\" width=\"150\" height=\"150\" src=\"https:\/\/www.forum-soegel.de\/information\/wp-content\/uploads\/2020\/11\/Man-sieht-auch-mit-Maske-2-1-150x150.jpg\" alt=\"\" data-id=\"29873\" data-full-url=\"https:\/\/www.forum-soegel.de\/information\/wp-content\/uploads\/2020\/11\/Man-sieht-auch-mit-Maske-2-1.jpg\" data-link=\"https:\/\/www.forum-soegel.de\/information\/?attachment_id=29873\" class=\"wp-image-29873\"\/><\/a><\/figure><\/li><li class=\"blocks-gallery-item\"><figure><a href=\"https:\/\/www.forum-soegel.de\/information\/wp-content\/uploads\/2020\/11\/Man-sieht-auch-mit-Maske-3-1.jpg\"><img loading=\"lazy\" decoding=\"async\" width=\"150\" height=\"150\" src=\"https:\/\/www.forum-soegel.de\/information\/wp-content\/uploads\/2020\/11\/Man-sieht-auch-mit-Maske-3-1-150x150.jpg\" alt=\"\" data-id=\"29874\" data-full-url=\"https:\/\/www.forum-soegel.de\/information\/wp-content\/uploads\/2020\/11\/Man-sieht-auch-mit-Maske-3-1.jpg\" data-link=\"https:\/\/www.forum-soegel.de\/information\/?attachment_id=29874\" class=\"wp-image-29874\"\/><\/a><\/figure><\/li><li class=\"blocks-gallery-item\"><figure><a href=\"https:\/\/www.forum-soegel.de\/information\/wp-content\/uploads\/2020\/11\/Man-sieht-auch-mit-Maske-4-1.jpg\"><img loading=\"lazy\" decoding=\"async\" width=\"150\" height=\"150\" src=\"https:\/\/www.forum-soegel.de\/information\/wp-content\/uploads\/2020\/11\/Man-sieht-auch-mit-Maske-4-1-150x150.jpg\" alt=\"\" data-id=\"29875\" data-full-url=\"https:\/\/www.forum-soegel.de\/information\/wp-content\/uploads\/2020\/11\/Man-sieht-auch-mit-Maske-4-1.jpg\" data-link=\"https:\/\/www.forum-soegel.de\/information\/?attachment_id=29875\" class=\"wp-image-29875\"\/><\/a><\/figure><\/li><li class=\"blocks-gallery-item\"><figure><a href=\"https:\/\/www.forum-soegel.de\/information\/wp-content\/uploads\/2020\/11\/Man-sieht-auch-mit-Maske-5-1.jpg\"><img loading=\"lazy\" decoding=\"async\" width=\"150\" height=\"150\" src=\"https:\/\/www.forum-soegel.de\/information\/wp-content\/uploads\/2020\/11\/Man-sieht-auch-mit-Maske-5-1-150x150.jpg\" alt=\"\" data-id=\"29876\" data-full-url=\"https:\/\/www.forum-soegel.de\/information\/wp-content\/uploads\/2020\/11\/Man-sieht-auch-mit-Maske-5-1.jpg\" data-link=\"https:\/\/www.forum-soegel.de\/information\/?attachment_id=29876\" class=\"wp-image-29876\"\/><\/a><\/figure><\/li><li class=\"blocks-gallery-item\"><figure><a href=\"https:\/\/www.forum-soegel.de\/information\/wp-content\/uploads\/2020\/11\/Man-sieht-auch-mit-Maske-6-1.jpg\"><img loading=\"lazy\" decoding=\"async\" width=\"150\" height=\"150\" src=\"https:\/\/www.forum-soegel.de\/information\/wp-content\/uploads\/2020\/11\/Man-sieht-auch-mit-Maske-6-1-150x150.jpg\" alt=\"\" data-id=\"29877\" data-full-url=\"https:\/\/www.forum-soegel.de\/information\/wp-content\/uploads\/2020\/11\/Man-sieht-auch-mit-Maske-6-1.jpg\" data-link=\"https:\/\/www.forum-soegel.de\/information\/?attachment_id=29877\" class=\"wp-image-29877\"\/><\/a><\/figure><\/li><li class=\"blocks-gallery-item\"><figure><a href=\"https:\/\/www.forum-soegel.de\/information\/wp-content\/uploads\/2020\/11\/Man-sieht-auch-mit-Maske-7-1.jpg\"><img loading=\"lazy\" decoding=\"async\" width=\"150\" height=\"150\" src=\"https:\/\/www.forum-soegel.de\/information\/wp-content\/uploads\/2020\/11\/Man-sieht-auch-mit-Maske-7-1-150x150.jpg\" alt=\"\" data-id=\"29878\" data-full-url=\"https:\/\/www.forum-soegel.de\/information\/wp-content\/uploads\/2020\/11\/Man-sieht-auch-mit-Maske-7-1.jpg\" data-link=\"https:\/\/www.forum-soegel.de\/information\/?attachment_id=29878\" class=\"wp-image-29878\"\/><\/a><\/figure><\/li><li class=\"blocks-gallery-item\"><figure><a href=\"https:\/\/www.forum-soegel.de\/information\/wp-content\/uploads\/2020\/11\/Man-sieht-auch-mit-Maske-8-1.jpg\"><img loading=\"lazy\" decoding=\"async\" width=\"150\" height=\"150\" src=\"https:\/\/www.forum-soegel.de\/information\/wp-content\/uploads\/2020\/11\/Man-sieht-auch-mit-Maske-8-1-150x150.jpg\" alt=\"\" data-id=\"29879\" data-full-url=\"https:\/\/www.forum-soegel.de\/information\/wp-content\/uploads\/2020\/11\/Man-sieht-auch-mit-Maske-8-1.jpg\" data-link=\"https:\/\/www.forum-soegel.de\/information\/?attachment_id=29879\" class=\"wp-image-29879\"\/><\/a><\/figure><\/li><li class=\"blocks-gallery-item\"><figure><a href=\"https:\/\/www.forum-soegel.de\/information\/wp-content\/uploads\/2020\/11\/Man-sieht-auch-mit-Maske-9-1.jpg\"><img loading=\"lazy\" decoding=\"async\" width=\"150\" height=\"150\" src=\"https:\/\/www.forum-soegel.de\/information\/wp-content\/uploads\/2020\/11\/Man-sieht-auch-mit-Maske-9-1-150x150.jpg\" alt=\"\" data-id=\"29880\" data-full-url=\"https:\/\/www.forum-soegel.de\/information\/wp-content\/uploads\/2020\/11\/Man-sieht-auch-mit-Maske-9-1.jpg\" data-link=\"https:\/\/www.forum-soegel.de\/information\/?attachment_id=29880\" class=\"wp-image-29880\"\/><\/a><\/figure><\/li><li class=\"blocks-gallery-item\"><figure><a href=\"https:\/\/www.forum-soegel.de\/information\/wp-content\/uploads\/2020\/11\/Man-sieht-auch-mit-Maske-10.jpg\"><img loading=\"lazy\" decoding=\"async\" width=\"150\" height=\"150\" src=\"https:\/\/www.forum-soegel.de\/information\/wp-content\/uploads\/2020\/11\/Man-sieht-auch-mit-Maske-10-150x150.jpg\" alt=\"\" data-id=\"29881\" data-full-url=\"https:\/\/www.forum-soegel.de\/information\/wp-content\/uploads\/2020\/11\/Man-sieht-auch-mit-Maske-10.jpg\" data-link=\"https:\/\/www.forum-soegel.de\/information\/?attachment_id=29881\" class=\"wp-image-29881\"\/><\/a><\/figure><\/li><li class=\"blocks-gallery-item\"><figure><a href=\"https:\/\/www.forum-soegel.de\/information\/wp-content\/uploads\/2020\/11\/Man-sieht-auch-mit-Maske-11.jpg\"><img loading=\"lazy\" decoding=\"async\" width=\"150\" height=\"150\" src=\"https:\/\/www.forum-soegel.de\/information\/wp-content\/uploads\/2020\/11\/Man-sieht-auch-mit-Maske-11-150x150.jpg\" alt=\"\" data-id=\"29882\" data-full-url=\"https:\/\/www.forum-soegel.de\/information\/wp-content\/uploads\/2020\/11\/Man-sieht-auch-mit-Maske-11.jpg\" data-link=\"https:\/\/www.forum-soegel.de\/information\/?attachment_id=29882\" class=\"wp-image-29882\"\/><\/a><\/figure><\/li><\/ul><\/figure>\n","protected":false},"excerpt":{"rendered":"S\u00f6gel &#8211; Ein gro\u00dfes L\u00e4cheln haben Agnes, Doris, Ulrike, Helena, Daniela, Ramona, Kathrin, Dagmar, Ruth, Carmen und Irmgard, die Frauen der S\u00f6geler N\u00e4hgruppe, gleich drei \u00f6rtlichen Vereinen ins Gesicht gezaubert. Auf ganz unkomplizierte und selbstverst\u00e4ndliche Art und Weise haben diese Frauen viel Zeit und M\u00fche in die Produktion von Mund-und Nasenschutzmasken investiert. An die 5000 [&hellip;]\n","protected":false},"author":2,"featured_media":0,"comment_status":"closed","ping_status":"closed","sticky":false,"template":"","format":"standard","meta":{"ngg_post_thumbnail":0,"footnotes":""},"categories":[5],"tags":[],"class_list":["post-29864","post","type-post","status-publish","format-standard","hentry","category-was-machen-die-vereine"],"_links":{"self":[{"href":"https:\/\/www.forum-soegel.de\/information\/wp-json\/wp\/v2\/posts\/29864","targetHints":{"allow":["GET"]}}],"collection":[{"href":"https:\/\/www.forum-soegel.de\/information\/wp-json\/wp\/v2\/posts"}],"about":[{"href":"https:\/\/www.forum-soegel.de\/information\/wp-json\/wp\/v2\/types\/post"}],"author":[{"embeddable":true,"href":"https:\/\/www.forum-soegel.de\/information\/wp-json\/wp\/v2\/users\/2"}],"replies":[{"embeddable":true,"href":"https:\/\/www.forum-soegel.de\/information\/wp-json\/wp\/v2\/comments?post=29864"}],"version-history":[{"count":1,"href":"https:\/\/www.forum-soegel.de\/information\/wp-json\/wp\/v2\/posts\/29864\/revisions"}],"predecessor-version":[{"id":29884,"href":"https:\/\/www.forum-soegel.de\/information\/wp-json\/wp\/v2\/posts\/29864\/revisions\/29884"}],"wp:attachment":[{"href":"https:\/\/www.forum-soegel.de\/information\/wp-json\/wp\/v2\/media?parent=29864"}],"wp:term":[{"taxonomy":"category","embeddable":true,"href":"https:\/\/www.forum-soegel.de\/information\/wp-json\/wp\/v2\/categories?post=29864"},{"taxonomy":"post_tag","embeddable":true,"href":"https:\/\/www.forum-soegel.de\/information\/wp-json\/wp\/v2\/tags?post=29864"}],"curies":[{"name":"wp","href":"https:\/\/api.w.org\/{rel}","templated":true}]}}