{"id":29860,"date":"2020-11-15T19:54:23","date_gmt":"2020-11-15T18:54:23","guid":{"rendered":"https:\/\/www.forum-soegel.de\/information\/?p=29860"},"modified":"2020-11-15T19:54:25","modified_gmt":"2020-11-15T18:54:25","slug":"jahreshauptversammlung-des-schuetzenverein-stavern-uwe-schuckenbrock-u-jochen-brunen-verabschiedet","status":"publish","type":"post","link":"https:\/\/www.forum-soegel.de\/information\/2020\/11\/jahreshauptversammlung-des-schuetzenverein-stavern-uwe-schuckenbrock-u-jochen-brunen-verabschiedet\/","title":{"rendered":"Jahreshauptversammlung des Sch\u00fctzenverein Stavern \u2013 Uwe Schuckenbrock u. Jochen Brunen verabschiedet"},"content":{"rendered":"\n<p>Stavern &#8211; Die Generalversammlung des Sch\u00fctzenverein Stavern fand aufgrund der Corona-Einschr\u00e4nkungen in diesem Jahr unter besonderen Bedingungen statt. Alle hoffen, dass es ein einmaliges Ereignis in der jetzt 116-j\u00e4hrigen Geschichte bleiben wird. Der Vorsitzende, Andreas Wessels, konnte zahlreiche Sch\u00fctzenbr\u00fcder begr\u00fc\u00dfen. Besonders begr\u00fc\u00dft wurden K\u00f6nig Marc Zielke mit seinem Throngefolge, der B\u00fcrgermeister Helmut Rawe und der Vorsitzende des Staverner Sportvereins, Daniel Keuter. Unter Einhaltung aller Vorschriften wurde eine umfangreiche Tagesordnung abgearbeitet.<\/p>\n\n\n\n<p>In seinem R\u00fcckblick, der leider sehr kurz ausfallen musste, berichtete der Vorsitzende von der letzten Veranstaltung dieses Jahres, dem K\u00f6nigsvergleichsschie\u00dfen. Eine Woche vor den ersten Einschr\u00e4nkungen, die durch die Pandemie ausgesprochen werden mussten, ging Hans-J\u00fcrgen Wilkens als Sieger hervor und wurde zum Kaiser gek\u00fcrt. Die folgenden Veranstaltungen des Jahres, mit den beiden j\u00e4hrliches Highlights, dem dreit\u00e4gigen Sch\u00fctzenfest und dem Oktoberfest, mussten abgesagt werden. Auf die j\u00e4hrliche Ehrung der verstorbenen Sch\u00fctzenbr\u00fcder und besonders der in den Weltkriegen gefallenen Soldaten wurde trotzdem nicht verzichtet. In kleinem Rahmen wurde nach einer Messe in der Weidenkirche bei der Wasserm\u00fchle Bruneforth die Kranzniederlegung vor dem Ehrenmahl an der Kirche durchgef\u00fchrt.<\/p>\n\n\n\n<p>Der vom Kassenwart Michael Kleefeld vorgetragene Kassenbericht fiel aufgrund der fehlenden Einnahmen nicht positiv aus. Unter dem Strich musste er f\u00fcr das laufende Gesch\u00e4ftsjahr ein Minus melden.<\/p>\n\n\n\n<p>Nach den einstimmig von der Versammlung erteilten Entlastungen erfolgten einige Neuwahlen. Neu in den Vorstand gew\u00e4hlt wurde Rene Eikens, der die 1. Kompanie \u00fcbernehmen wird. Sein Vorg\u00e4nger Jochen Brunen war 11 Jahre Kompanief\u00fchrer.<\/p>\n\n\n\n<p>F\u00fcr den 1. Schie\u00dfwart, Uwe Schuckenbrock, der nach \u00fcber 20j\u00e4hriger Vorstandsarbeit, davon 11 Jahre als verantwortlicher Schie\u00dfwart, aus gesundheitlichen Gr\u00fcnden sein Amt zur Verf\u00fcgung stellte, wurde Ansgar Wehling einstimmig als Nachfolger gew\u00e4hlt. Ebenfalls einstimmig erfolgte die Wahl von Reinhold Peters zum Adjutanten des Schie\u00dfwarts.<\/p>\n\n\n\n<p>Im weiteren Verlauf der Versammlung wurde eine umfangreiche \u00c4nderung der Satzung vorgestellt. Diese \u00c4nderungen waren aufgrund der Rechtslage erforderlich und wurden einstimmig von der Versammlung beschlossen.<\/p>\n\n\n\n<p>Zahlreiche Sch\u00fctzen wurde in diesem Jahr geehrt. F\u00fcr 50j\u00e4hrige Mitgliedschaft erhielten Hans-Hermann Efken, Bernhard L\u00fcken, Hans Wobben, Hans Brunsen, Bernhard Konken und Alfons G\u00f6ken eine goldene Ehrennadel. Mit der silbernen Ehrennadel f\u00fcr 40j\u00e4hrige Mitgliedschaft wurden Norbert Brunen, Wilhelm Brunen, Heinz G\u00fcnnemann, Heinz B\u00fcter, Josef Lammers, Gerhard Schr\u00f6er, Andreas Wester und Norbert Wotte ausgezeichnet. Seit 25 Jahren geh\u00f6rt Michael Rolfes dem Verein an.<\/p>\n\n\n\n<p>Unter dem letzten Punkt \u201eVerschiedenes\u201c wurden die durch die Corona-Krise erlassenen Auflagen besprochen. Veranstaltungen werden sich in der n\u00e4chsten Zukunft auf kleine Personenkreise beschr\u00e4nken m\u00fcssen. Der Schie\u00dfsportbetrieb wird daher auch nur eingeschr\u00e4nkt in kleinen Gruppen stattfinden k\u00f6nnen.<\/p>\n\n\n\n<p>Text\/Foto: Gerd Rode<\/p>\n\n\n\n<figure class=\"wp-block-gallery columns-2 is-cropped wp-block-gallery-1 is-layout-flex wp-block-gallery-is-layout-flex\"><ul class=\"blocks-gallery-grid\"><li class=\"blocks-gallery-item\"><figure><a href=\"https:\/\/www.forum-soegel.de\/information\/wp-content\/uploads\/2020\/11\/Jahreshauptversammlung-des-Schuetzenverein-Stavern-2.jpg\"><img loading=\"lazy\" decoding=\"async\" width=\"1024\" height=\"559\" src=\"https:\/\/www.forum-soegel.de\/information\/wp-content\/uploads\/2020\/11\/Jahreshauptversammlung-des-Schuetzenverein-Stavern-2.jpg\" alt=\"\" data-id=\"29861\" data-full-url=\"https:\/\/www.forum-soegel.de\/information\/wp-content\/uploads\/2020\/11\/Jahreshauptversammlung-des-Schuetzenverein-Stavern-2.jpg\" data-link=\"https:\/\/www.forum-soegel.de\/information\/?attachment_id=29861\" class=\"wp-image-29861\" srcset=\"https:\/\/www.forum-soegel.de\/information\/wp-content\/uploads\/2020\/11\/Jahreshauptversammlung-des-Schuetzenverein-Stavern-2.jpg 1024w, https:\/\/www.forum-soegel.de\/information\/wp-content\/uploads\/2020\/11\/Jahreshauptversammlung-des-Schuetzenverein-Stavern-2-300x164.jpg 300w, https:\/\/www.forum-soegel.de\/information\/wp-content\/uploads\/2020\/11\/Jahreshauptversammlung-des-Schuetzenverein-Stavern-2-768x419.jpg 768w\" sizes=\"auto, (max-width: 1024px) 100vw, 1024px\" \/><\/a><\/figure><\/li><li class=\"blocks-gallery-item\"><figure><a href=\"https:\/\/www.forum-soegel.de\/information\/wp-content\/uploads\/2020\/11\/Jahreshauptversammlung-des-Schuetzenverein-Stavern-1.jpg\"><img loading=\"lazy\" decoding=\"async\" width=\"1024\" height=\"533\" src=\"https:\/\/www.forum-soegel.de\/information\/wp-content\/uploads\/2020\/11\/Jahreshauptversammlung-des-Schuetzenverein-Stavern-1.jpg\" alt=\"\" data-id=\"29862\" data-full-url=\"https:\/\/www.forum-soegel.de\/information\/wp-content\/uploads\/2020\/11\/Jahreshauptversammlung-des-Schuetzenverein-Stavern-1.jpg\" data-link=\"https:\/\/www.forum-soegel.de\/information\/?attachment_id=29862\" class=\"wp-image-29862\" srcset=\"https:\/\/www.forum-soegel.de\/information\/wp-content\/uploads\/2020\/11\/Jahreshauptversammlung-des-Schuetzenverein-Stavern-1.jpg 1024w, https:\/\/www.forum-soegel.de\/information\/wp-content\/uploads\/2020\/11\/Jahreshauptversammlung-des-Schuetzenverein-Stavern-1-300x156.jpg 300w, https:\/\/www.forum-soegel.de\/information\/wp-content\/uploads\/2020\/11\/Jahreshauptversammlung-des-Schuetzenverein-Stavern-1-768x400.jpg 768w\" sizes=\"auto, (max-width: 1024px) 100vw, 1024px\" \/><\/a><\/figure><\/li><\/ul><figcaption class=\"blocks-gallery-caption\">Der Vorstand des Sch\u00fctzenvereins &#8211; F\u00fcr 50j\u00e4hrige Mitgliedschaft geehrte Sch\u00fctzen<\/figcaption><\/figure>\n","protected":false},"excerpt":{"rendered":"Stavern &#8211; Die Generalversammlung des Sch\u00fctzenverein Stavern fand aufgrund der Corona-Einschr\u00e4nkungen in diesem Jahr unter besonderen Bedingungen statt. Alle hoffen, dass es ein einmaliges Ereignis in der jetzt 116-j\u00e4hrigen Geschichte bleiben wird. Der Vorsitzende, Andreas Wessels, konnte zahlreiche Sch\u00fctzenbr\u00fcder begr\u00fc\u00dfen. Besonders begr\u00fc\u00dft wurden K\u00f6nig Marc Zielke mit seinem Throngefolge, der B\u00fcrgermeister Helmut Rawe und der [&hellip;]\n","protected":false},"author":2,"featured_media":0,"comment_status":"closed","ping_status":"closed","sticky":false,"template":"","format":"standard","meta":{"ngg_post_thumbnail":0,"footnotes":""},"categories":[5],"tags":[],"class_list":["post-29860","post","type-post","status-publish","format-standard","hentry","category-was-machen-die-vereine"],"_links":{"self":[{"href":"https:\/\/www.forum-soegel.de\/information\/wp-json\/wp\/v2\/posts\/29860","targetHints":{"allow":["GET"]}}],"collection":[{"href":"https:\/\/www.forum-soegel.de\/information\/wp-json\/wp\/v2\/posts"}],"about":[{"href":"https:\/\/www.forum-soegel.de\/information\/wp-json\/wp\/v2\/types\/post"}],"author":[{"embeddable":true,"href":"https:\/\/www.forum-soegel.de\/information\/wp-json\/wp\/v2\/users\/2"}],"replies":[{"embeddable":true,"href":"https:\/\/www.forum-soegel.de\/information\/wp-json\/wp\/v2\/comments?post=29860"}],"version-history":[{"count":1,"href":"https:\/\/www.forum-soegel.de\/information\/wp-json\/wp\/v2\/posts\/29860\/revisions"}],"predecessor-version":[{"id":29863,"href":"https:\/\/www.forum-soegel.de\/information\/wp-json\/wp\/v2\/posts\/29860\/revisions\/29863"}],"wp:attachment":[{"href":"https:\/\/www.forum-soegel.de\/information\/wp-json\/wp\/v2\/media?parent=29860"}],"wp:term":[{"taxonomy":"category","embeddable":true,"href":"https:\/\/www.forum-soegel.de\/information\/wp-json\/wp\/v2\/categories?post=29860"},{"taxonomy":"post_tag","embeddable":true,"href":"https:\/\/www.forum-soegel.de\/information\/wp-json\/wp\/v2\/tags?post=29860"}],"curies":[{"name":"wp","href":"https:\/\/api.w.org\/{rel}","templated":true}]}}