{"id":29858,"date":"2020-11-15T19:52:17","date_gmt":"2020-11-15T18:52:17","guid":{"rendered":"https:\/\/www.forum-soegel.de\/information\/?p=29858"},"modified":"2020-11-15T19:52:18","modified_gmt":"2020-11-15T18:52:18","slug":"glueck-gehabt","status":"publish","type":"post","link":"https:\/\/www.forum-soegel.de\/information\/2020\/11\/glueck-gehabt\/","title":{"rendered":"Gl\u00fcck gehabt !"},"content":{"rendered":"\n<p><strong>Erst der H\u00fcmmling wurde mir zur Heimat<\/strong><\/p>\n\n\n\n<p>S\u00f6gel &#8211; So lautet der Titel des neuen Buches, das Anfang Dezember vom FORUM S\u00f6gel herausgegeben wird. Es handelt sich um eine Autobiografie der Autorin Sigrid Lyga. Sie beschreibt einen sie pr\u00e4genden Lebensabschnitt nach Ende des 2. Weltkriegs. Auf \u00fcberaus eindrucksvolle Weise schildert sie die Vertreibung aus Schlesien und ihre anschlie\u00dfende Jugendzeit in S\u00f6gel. Die heute 86-j\u00e4hrige ehemalige Lehrerin stammt geb\u00fcrtig aus Nortrup im Artland. Angesichts des engagierten Widerstands ihres Vaters \u2013 ebenfalls Lehrer -, der sich mit Zivilcourage gegen die Nazi Herrschaft wehrte, erfolgte die Strafversetzung ins oberschlesische Kohlerevier. Unmittelbar nach Kriegsende wurde der Vater in einem polnischen Gefangenenlager ermordet. Durch den Verlust des Vaters und die Vertreibung nahm das Leben der Familienangeh\u00f6rigen einen v\u00f6llig anderen Verlauf. Auf Umwegen gelangten sie zur\u00fcck nach Nortrup. Aus der Not heraus wurde Sigrid Lyga von ihrer Patentante Elisabeth Holtmann in S\u00f6gel aufgenommen.Hier erlebt das junge M\u00e4dchen ihre Jugendjahre. Sie beschreibt in ihrem Werk das Leben auf dem H\u00fcmmling in den Nachkriegsjahren, das nicht nur von Not und Leid, sondern auch von freudigen Momenten gekennzeichnet war. Einen Schwerpunkt ihrer Geschichte legt die Autorin auf die rundum positiven Erlebnisse ihrer Schulzeit in S\u00f6gel.<\/p>\n\n\n\n<p>Ihr Buch wird der j\u00fcngeren Leserschaft n\u00e4herbringen, welche Verh\u00e4ltnisse in den Nachkriegsjahren auf dem H\u00fcmmling herrschten und welche Folgen die Nazi-Diktatur mit sich brachten. Bei den \u00e4lteren Leserinnen und Lesern, die die Zeit miterlebt haben, werden sicherlich so manche Erinnerungen wachgerufen.<\/p>\n\n\n\n<p>Ab Anfang Dezember wird das Buch in S\u00f6geler Gesch\u00e4ften und im Tourismus B\u00fcro zu einem Preis von EURO 15,00 erh\u00e4ltlich sein. Beim Schreiben des Weihnachtswunschzettels bitte daran denken.<\/p>\n\n\n\n<p>Text:Bernd Eggert<\/p>\n\n\n\n<p>\u00a0FORUM S\u00f6gel e.V.<\/p>\n\n\n\n<p><\/p>\n","protected":false},"excerpt":{"rendered":"Erst der H\u00fcmmling wurde mir zur Heimat S\u00f6gel &#8211; So lautet der Titel des neuen Buches, das Anfang Dezember vom FORUM S\u00f6gel herausgegeben wird. Es handelt sich um eine Autobiografie der Autorin Sigrid Lyga. Sie beschreibt einen sie pr\u00e4genden Lebensabschnitt nach Ende des 2. Weltkriegs. Auf \u00fcberaus eindrucksvolle Weise schildert sie die Vertreibung aus Schlesien [&hellip;]\n","protected":false},"author":2,"featured_media":0,"comment_status":"closed","ping_status":"closed","sticky":false,"template":"","format":"standard","meta":{"ngg_post_thumbnail":0,"footnotes":""},"categories":[5],"tags":[],"class_list":["post-29858","post","type-post","status-publish","format-standard","hentry","category-was-machen-die-vereine"],"_links":{"self":[{"href":"https:\/\/www.forum-soegel.de\/information\/wp-json\/wp\/v2\/posts\/29858","targetHints":{"allow":["GET"]}}],"collection":[{"href":"https:\/\/www.forum-soegel.de\/information\/wp-json\/wp\/v2\/posts"}],"about":[{"href":"https:\/\/www.forum-soegel.de\/information\/wp-json\/wp\/v2\/types\/post"}],"author":[{"embeddable":true,"href":"https:\/\/www.forum-soegel.de\/information\/wp-json\/wp\/v2\/users\/2"}],"replies":[{"embeddable":true,"href":"https:\/\/www.forum-soegel.de\/information\/wp-json\/wp\/v2\/comments?post=29858"}],"version-history":[{"count":1,"href":"https:\/\/www.forum-soegel.de\/information\/wp-json\/wp\/v2\/posts\/29858\/revisions"}],"predecessor-version":[{"id":29859,"href":"https:\/\/www.forum-soegel.de\/information\/wp-json\/wp\/v2\/posts\/29858\/revisions\/29859"}],"wp:attachment":[{"href":"https:\/\/www.forum-soegel.de\/information\/wp-json\/wp\/v2\/media?parent=29858"}],"wp:term":[{"taxonomy":"category","embeddable":true,"href":"https:\/\/www.forum-soegel.de\/information\/wp-json\/wp\/v2\/categories?post=29858"},{"taxonomy":"post_tag","embeddable":true,"href":"https:\/\/www.forum-soegel.de\/information\/wp-json\/wp\/v2\/tags?post=29858"}],"curies":[{"name":"wp","href":"https:\/\/api.w.org\/{rel}","templated":true}]}}