{"id":29850,"date":"2020-11-15T19:49:15","date_gmt":"2020-11-15T18:49:15","guid":{"rendered":"https:\/\/www.forum-soegel.de\/information\/?p=29850"},"modified":"2020-11-15T19:49:16","modified_gmt":"2020-11-15T18:49:16","slug":"erneut-18-gefluechtete-junge-maenner-zu-trainern-ausgebildet","status":"publish","type":"post","link":"https:\/\/www.forum-soegel.de\/information\/2020\/11\/erneut-18-gefluechtete-junge-maenner-zu-trainern-ausgebildet\/","title":{"rendered":"Erneut 18 gefl\u00fcchtete junge M\u00e4nner zu Trainern ausgebildet"},"content":{"rendered":"\n<p><em><strong>Kreisfu\u00dfballverband und KreisSportBund organisieren einen Trainer-Kurs f\u00fcr Gefl\u00fcchtete<\/strong><\/em><\/p>\n\n\n\n<p>S\u00f6gel &#8211; Im Rahmen des seit dem Jahr 2016 vom Nieders\u00e4chsischen Fu\u00dfballverband (NFV) und dem Landesportbund (LSB) gemeinsam angebotenen Projekts &#8222;NFV socceR(EFUGEE)coach&#8220; k\u00f6nnen fu\u00dfballbegeisterte Fl\u00fcchtlinge eine Zertifikatsausbildung absolvieren und anschlie\u00dfend Trainer- und Betreuert\u00e4tigkeiten in Sportvereinen \u00fcbernehmen und damit die Integrationsarbeit des organisierten Sports im Emsland unterst\u00fctzen.<\/p>\n\n\n\n<p>Bereits Ende 2018 hatte eine solche Ausbildung beim SV Surwold stattgefunden. Da sich in diesem Jahr aufgrund der Corona-Einschr\u00e4nkungen mehrere Vereine in Niedersachsen nicht in der Lage sahen, einen solchen Lehrgang durchzuf\u00fchren, blieben ein paar Kapazit\u00e4ten frei. Friedhelm Forbriger, Beauftragter f\u00fcr Schulfu\u00dfball im NFV-Kreis Emsland und Mitglied in der NFV-Kommission Vielfalt, nahm diese Gelegenheit wahr und initiierte zusammen mit Hermann Plagge, Koordinierungsstelle \u201eIntegration im und durch Sport\u201c im KreisSportBund Emsland, einen Lehrgang in der Sportschule Emsland in S\u00f6gel. In weiterer Zusammenarbeit mit dem SV Sigiltra S\u00f6gel und dem Integrationsbeauftragten der Gemeinde S\u00f6gel, Ammar Dawood, gelang es, junge Gefl\u00fcchtete aus Syrien, Afghanistan, Irak, Simbabwe, Kosovo, Albanien und Kolumbien sowie aus verschiedenen emsl\u00e4ndischen Vereinen zu motivieren, an dem Lehrgang teilzunehmen.<\/p>\n\n\n\n<p>Und so trafen sich in der Sportschule die jungen M\u00e4nner, um in dem dreit\u00e4gigen Lehrgang vom NFV-Referenten Imanuel Andr\u00e9 das n\u00f6tige R\u00fcstzeug vermittelt zu bekommen, damit sie anschlie\u00dfend in ihren Vereinen st\u00e4rker in die Vereinsarbeit eingebunden werden und Trainer- oder auch Betreuert\u00e4tigkeiten \u00fcbernehmen k\u00f6nnen. In der \u00fcberwiegend praxisorientierten Ausbildung zum &#8222;NFV socceR(EFUGEE)coach&#8220; wurden die wesentlichen Inhalte des Fu\u00dfballtrainings, z. B. \u00dcbungen zum Aufw\u00e4rmen, der Koordination, Kondition, Technik und Taktik vermittelt. Zudem wurden den Teilnehmern unterschiedliche Trainingsphilosophien und ein Eindruck des hierzulande gew\u00e4hlten Ansatzes vermittelt, um so den angestrebten Einstieg in die Vereinsarbeit zu erleichtern.<\/p>\n\n\n\n<p>Beeindruckend war, wie schnell sich die doch aus unterschiedlichsten Nationalit\u00e4ten bestehende Gruppe und trotz der verschiedenen Sprachen ausgezeichnet verstand und dann w\u00e4hrend der gesamten Praxisphasen mit viel Engagement und Spa\u00df die einzelnen \u00dcbungen absolvierte. Am Lehrgangsende betonten bei der Zertifikat\u00fcbergabe die Teilnehmer eben genau diese Harmonie und hoben besonders die sehr freundschaftliche Atmosph\u00e4re hervor.<\/p>\n\n\n\n<p>Die beiden Organisatoren Friedhelm Forbriger und Hermann Plagge sowie Heinz-Gerd Evers, stellvertretender NFV Kreisvorsitzender und im Vorstand Ansprechpartner f\u00fcr die Fl\u00fcchtlinge, zeigten sich sehr zufrieden mit dem Verlauf des Lehrgangs und wiesen darauf hin, dass den Absolventen die M\u00f6glichkeit geboten werden soll, im Anschluss daran sogar noch die DFB Trainer-C-Lizenz erwerben zu k\u00f6nnen. Gleich f\u00fcnf Personen m\u00f6chten diese weitere Gelegenheit nutzen und sehen somit den Lehrgang als Startpunkt f\u00fcr eine eigene Trainerkarriere. So hat auch z.B. Imridin aus dem Kosovo klar das Ziel vor Augen, als n\u00e4chsten Schritt die C-Lizenz \u2013 evtl. sogar die B-Lizenz \u2013 zu erwerben und dann als Trainer in seinem Verein t\u00e4tig zu sein.<\/p>\n\n\n\n<p>Foto\/Tetxt: Samtgmeinde S\u00f6gel<\/p>\n\n\n\n<figure class=\"wp-block-gallery columns-3 is-cropped wp-block-gallery-1 is-layout-flex wp-block-gallery-is-layout-flex\"><ul class=\"blocks-gallery-grid\"><li class=\"blocks-gallery-item\"><figure><a href=\"https:\/\/www.forum-soegel.de\/information\/wp-content\/uploads\/2020\/11\/Erneut-18-gefluechtete-junge-Maenner-zu-Trainern-ausgebildet-6.jpg\"><img loading=\"lazy\" decoding=\"async\" width=\"1024\" height=\"617\" src=\"https:\/\/www.forum-soegel.de\/information\/wp-content\/uploads\/2020\/11\/Erneut-18-gefluechtete-junge-Maenner-zu-Trainern-ausgebildet-6.jpg\" alt=\"\" data-id=\"29851\" data-full-url=\"https:\/\/www.forum-soegel.de\/information\/wp-content\/uploads\/2020\/11\/Erneut-18-gefluechtete-junge-Maenner-zu-Trainern-ausgebildet-6.jpg\" data-link=\"https:\/\/www.forum-soegel.de\/information\/?attachment_id=29851\" class=\"wp-image-29851\" srcset=\"https:\/\/www.forum-soegel.de\/information\/wp-content\/uploads\/2020\/11\/Erneut-18-gefluechtete-junge-Maenner-zu-Trainern-ausgebildet-6.jpg 1024w, https:\/\/www.forum-soegel.de\/information\/wp-content\/uploads\/2020\/11\/Erneut-18-gefluechtete-junge-Maenner-zu-Trainern-ausgebildet-6-300x181.jpg 300w, https:\/\/www.forum-soegel.de\/information\/wp-content\/uploads\/2020\/11\/Erneut-18-gefluechtete-junge-Maenner-zu-Trainern-ausgebildet-6-768x463.jpg 768w\" sizes=\"auto, (max-width: 1024px) 100vw, 1024px\" \/><\/a><\/figure><\/li><li class=\"blocks-gallery-item\"><figure><a href=\"https:\/\/www.forum-soegel.de\/information\/wp-content\/uploads\/2020\/11\/Erneut-18-gefluechtete-junge-Maenner-zu-Trainern-ausgebildet-1.jpg\"><img loading=\"lazy\" decoding=\"async\" width=\"1024\" height=\"520\" src=\"https:\/\/www.forum-soegel.de\/information\/wp-content\/uploads\/2020\/11\/Erneut-18-gefluechtete-junge-Maenner-zu-Trainern-ausgebildet-1.jpg\" alt=\"\" data-id=\"29852\" data-full-url=\"https:\/\/www.forum-soegel.de\/information\/wp-content\/uploads\/2020\/11\/Erneut-18-gefluechtete-junge-Maenner-zu-Trainern-ausgebildet-1.jpg\" data-link=\"https:\/\/www.forum-soegel.de\/information\/?attachment_id=29852\" class=\"wp-image-29852\" srcset=\"https:\/\/www.forum-soegel.de\/information\/wp-content\/uploads\/2020\/11\/Erneut-18-gefluechtete-junge-Maenner-zu-Trainern-ausgebildet-1.jpg 1024w, https:\/\/www.forum-soegel.de\/information\/wp-content\/uploads\/2020\/11\/Erneut-18-gefluechtete-junge-Maenner-zu-Trainern-ausgebildet-1-300x152.jpg 300w, https:\/\/www.forum-soegel.de\/information\/wp-content\/uploads\/2020\/11\/Erneut-18-gefluechtete-junge-Maenner-zu-Trainern-ausgebildet-1-768x390.jpg 768w\" sizes=\"auto, (max-width: 1024px) 100vw, 1024px\" \/><\/a><\/figure><\/li><li class=\"blocks-gallery-item\"><figure><a href=\"https:\/\/www.forum-soegel.de\/information\/wp-content\/uploads\/2020\/11\/Erneut-18-gefluechtete-junge-Maenner-zu-Trainern-ausgebildet-2.jpg\"><img loading=\"lazy\" decoding=\"async\" width=\"688\" height=\"768\" src=\"https:\/\/www.forum-soegel.de\/information\/wp-content\/uploads\/2020\/11\/Erneut-18-gefluechtete-junge-Maenner-zu-Trainern-ausgebildet-2.jpg\" alt=\"\" data-id=\"29853\" data-full-url=\"https:\/\/www.forum-soegel.de\/information\/wp-content\/uploads\/2020\/11\/Erneut-18-gefluechtete-junge-Maenner-zu-Trainern-ausgebildet-2.jpg\" data-link=\"https:\/\/www.forum-soegel.de\/information\/?attachment_id=29853\" class=\"wp-image-29853\" srcset=\"https:\/\/www.forum-soegel.de\/information\/wp-content\/uploads\/2020\/11\/Erneut-18-gefluechtete-junge-Maenner-zu-Trainern-ausgebildet-2.jpg 688w, https:\/\/www.forum-soegel.de\/information\/wp-content\/uploads\/2020\/11\/Erneut-18-gefluechtete-junge-Maenner-zu-Trainern-ausgebildet-2-269x300.jpg 269w\" sizes=\"auto, (max-width: 688px) 100vw, 688px\" \/><\/a><\/figure><\/li><li class=\"blocks-gallery-item\"><figure><a href=\"https:\/\/www.forum-soegel.de\/information\/wp-content\/uploads\/2020\/11\/Erneut-18-gefluechtete-junge-Maenner-zu-Trainern-ausgebildet-3.jpg\"><img loading=\"lazy\" decoding=\"async\" width=\"1024\" height=\"518\" src=\"https:\/\/www.forum-soegel.de\/information\/wp-content\/uploads\/2020\/11\/Erneut-18-gefluechtete-junge-Maenner-zu-Trainern-ausgebildet-3.jpg\" alt=\"\" data-id=\"29854\" data-full-url=\"https:\/\/www.forum-soegel.de\/information\/wp-content\/uploads\/2020\/11\/Erneut-18-gefluechtete-junge-Maenner-zu-Trainern-ausgebildet-3.jpg\" data-link=\"https:\/\/www.forum-soegel.de\/information\/?attachment_id=29854\" class=\"wp-image-29854\" srcset=\"https:\/\/www.forum-soegel.de\/information\/wp-content\/uploads\/2020\/11\/Erneut-18-gefluechtete-junge-Maenner-zu-Trainern-ausgebildet-3.jpg 1024w, https:\/\/www.forum-soegel.de\/information\/wp-content\/uploads\/2020\/11\/Erneut-18-gefluechtete-junge-Maenner-zu-Trainern-ausgebildet-3-300x152.jpg 300w, https:\/\/www.forum-soegel.de\/information\/wp-content\/uploads\/2020\/11\/Erneut-18-gefluechtete-junge-Maenner-zu-Trainern-ausgebildet-3-768x389.jpg 768w\" sizes=\"auto, (max-width: 1024px) 100vw, 1024px\" \/><\/a><\/figure><\/li><li class=\"blocks-gallery-item\"><figure><a href=\"https:\/\/www.forum-soegel.de\/information\/wp-content\/uploads\/2020\/11\/Erneut-18-gefluechtete-junge-Maenner-zu-Trainern-ausgebildet-4.jpg\"><img loading=\"lazy\" decoding=\"async\" width=\"994\" height=\"768\" src=\"https:\/\/www.forum-soegel.de\/information\/wp-content\/uploads\/2020\/11\/Erneut-18-gefluechtete-junge-Maenner-zu-Trainern-ausgebildet-4.jpg\" alt=\"\" data-id=\"29855\" data-full-url=\"https:\/\/www.forum-soegel.de\/information\/wp-content\/uploads\/2020\/11\/Erneut-18-gefluechtete-junge-Maenner-zu-Trainern-ausgebildet-4.jpg\" data-link=\"https:\/\/www.forum-soegel.de\/information\/?attachment_id=29855\" class=\"wp-image-29855\" srcset=\"https:\/\/www.forum-soegel.de\/information\/wp-content\/uploads\/2020\/11\/Erneut-18-gefluechtete-junge-Maenner-zu-Trainern-ausgebildet-4.jpg 994w, https:\/\/www.forum-soegel.de\/information\/wp-content\/uploads\/2020\/11\/Erneut-18-gefluechtete-junge-Maenner-zu-Trainern-ausgebildet-4-300x232.jpg 300w, https:\/\/www.forum-soegel.de\/information\/wp-content\/uploads\/2020\/11\/Erneut-18-gefluechtete-junge-Maenner-zu-Trainern-ausgebildet-4-768x593.jpg 768w\" sizes=\"auto, (max-width: 994px) 100vw, 994px\" \/><\/a><\/figure><\/li><li class=\"blocks-gallery-item\"><figure><a href=\"https:\/\/www.forum-soegel.de\/information\/wp-content\/uploads\/2020\/11\/Erneut-18-gefluechtete-junge-Maenner-zu-Trainern-ausgebildet-5.jpg\"><img loading=\"lazy\" decoding=\"async\" width=\"994\" height=\"768\" src=\"https:\/\/www.forum-soegel.de\/information\/wp-content\/uploads\/2020\/11\/Erneut-18-gefluechtete-junge-Maenner-zu-Trainern-ausgebildet-5.jpg\" alt=\"\" data-id=\"29856\" data-full-url=\"https:\/\/www.forum-soegel.de\/information\/wp-content\/uploads\/2020\/11\/Erneut-18-gefluechtete-junge-Maenner-zu-Trainern-ausgebildet-5.jpg\" data-link=\"https:\/\/www.forum-soegel.de\/information\/?attachment_id=29856\" class=\"wp-image-29856\" srcset=\"https:\/\/www.forum-soegel.de\/information\/wp-content\/uploads\/2020\/11\/Erneut-18-gefluechtete-junge-Maenner-zu-Trainern-ausgebildet-5.jpg 994w, https:\/\/www.forum-soegel.de\/information\/wp-content\/uploads\/2020\/11\/Erneut-18-gefluechtete-junge-Maenner-zu-Trainern-ausgebildet-5-300x232.jpg 300w, https:\/\/www.forum-soegel.de\/information\/wp-content\/uploads\/2020\/11\/Erneut-18-gefluechtete-junge-Maenner-zu-Trainern-ausgebildet-5-768x593.jpg 768w\" sizes=\"auto, (max-width: 994px) 100vw, 994px\" \/><\/a><\/figure><\/li><\/ul><figcaption class=\"blocks-gallery-caption\">Die Absolventen des Trainer-Lehrgangs f\u00fcr Fl\u00fcchtlinge in der Sportschule Emsland in S\u00f6gel mit (von rechts) dem NFV-Referenten Imanuel Andr\u00e9, Heinz-Gerd Evers und Friedhelm Forbriger sowie Hermann Plagge (ganz links).<\/figcaption><\/figure>\n","protected":false},"excerpt":{"rendered":"Kreisfu\u00dfballverband und KreisSportBund organisieren einen Trainer-Kurs f\u00fcr Gefl\u00fcchtete S\u00f6gel &#8211; Im Rahmen des seit dem Jahr 2016 vom Nieders\u00e4chsischen Fu\u00dfballverband (NFV) und dem Landesportbund (LSB) gemeinsam angebotenen Projekts &#8222;NFV socceR(EFUGEE)coach&#8220; k\u00f6nnen fu\u00dfballbegeisterte Fl\u00fcchtlinge eine Zertifikatsausbildung absolvieren und anschlie\u00dfend Trainer- und Betreuert\u00e4tigkeiten in Sportvereinen \u00fcbernehmen und damit die Integrationsarbeit des organisierten Sports im Emsland unterst\u00fctzen. Bereits [&hellip;]\n","protected":false},"author":2,"featured_media":0,"comment_status":"closed","ping_status":"closed","sticky":false,"template":"","format":"standard","meta":{"ngg_post_thumbnail":0,"footnotes":""},"categories":[5],"tags":[],"class_list":["post-29850","post","type-post","status-publish","format-standard","hentry","category-was-machen-die-vereine"],"_links":{"self":[{"href":"https:\/\/www.forum-soegel.de\/information\/wp-json\/wp\/v2\/posts\/29850","targetHints":{"allow":["GET"]}}],"collection":[{"href":"https:\/\/www.forum-soegel.de\/information\/wp-json\/wp\/v2\/posts"}],"about":[{"href":"https:\/\/www.forum-soegel.de\/information\/wp-json\/wp\/v2\/types\/post"}],"author":[{"embeddable":true,"href":"https:\/\/www.forum-soegel.de\/information\/wp-json\/wp\/v2\/users\/2"}],"replies":[{"embeddable":true,"href":"https:\/\/www.forum-soegel.de\/information\/wp-json\/wp\/v2\/comments?post=29850"}],"version-history":[{"count":1,"href":"https:\/\/www.forum-soegel.de\/information\/wp-json\/wp\/v2\/posts\/29850\/revisions"}],"predecessor-version":[{"id":29857,"href":"https:\/\/www.forum-soegel.de\/information\/wp-json\/wp\/v2\/posts\/29850\/revisions\/29857"}],"wp:attachment":[{"href":"https:\/\/www.forum-soegel.de\/information\/wp-json\/wp\/v2\/media?parent=29850"}],"wp:term":[{"taxonomy":"category","embeddable":true,"href":"https:\/\/www.forum-soegel.de\/information\/wp-json\/wp\/v2\/categories?post=29850"},{"taxonomy":"post_tag","embeddable":true,"href":"https:\/\/www.forum-soegel.de\/information\/wp-json\/wp\/v2\/tags?post=29850"}],"curies":[{"name":"wp","href":"https:\/\/api.w.org\/{rel}","templated":true}]}}