{"id":29847,"date":"2020-11-15T19:46:57","date_gmt":"2020-11-15T18:46:57","guid":{"rendered":"https:\/\/www.forum-soegel.de\/information\/?p=29847"},"modified":"2020-11-15T19:46:59","modified_gmt":"2020-11-15T18:46:59","slug":"500-euro-fuer-kinder-in-not","status":"publish","type":"post","link":"https:\/\/www.forum-soegel.de\/information\/2020\/11\/500-euro-fuer-kinder-in-not\/","title":{"rendered":"500 Euro f\u00fcr Kinder in Not"},"content":{"rendered":"\n<p>S\u00f6gel &#8211; In diesen Tagen hat proWin-Direktion Maria Wester-Hinrichs einen Spendenscheck in H\u00f6he von 500 Euro an den Verein Bauchgef\u00fchl e.V. in S\u00f6gel \u00fcberreichen k\u00f6nnen. Vereinsvorsitzender Max Steuber nahm den Scheck dankend entgegen. Zweck des Vereins sei, so Steuber, die ideelle und materielle Unterst\u00fctzung von Kindern, Jugendlichen und Heranwachsenden aus sozial benachteiligten Familien zur F\u00f6rderung ihrer Erziehung, Bildung und Teilhabe am Gemeinschaftsleben. \u201eMeine Wahl f\u00fcr den Spendenempf\u00e4nger stand sofort fest\u201c, sagte Wester-Hinrichs. \u201eMit dieser Zuwendung k\u00f6nnen wir Kindern unserer Region etwas mehr Freude in der f\u00fcr Familien sehr belastenden Corona-Zeiterm\u00f6glichen.\u201c Ihre Gesch\u00e4ftsf\u00fchrerin Nana Efken-Hinrichs erkl\u00e4rte dazu: \u201eErzielt wurde diese Summe f\u00fcr hilfsbed\u00fcrftige Kinder im Rahmen einer ProWIN-Aussch\u00fcttung.\u201c<\/p>\n\n\n\n<p>Text\/Foto: Ingrid Cloppenburg<\/p>\n\n\n\n<figure class=\"wp-block-gallery columns-1 is-cropped wp-block-gallery-1 is-layout-flex wp-block-gallery-is-layout-flex\"><ul class=\"blocks-gallery-grid\"><li class=\"blocks-gallery-item\"><figure><a href=\"https:\/\/www.forum-soegel.de\/information\/wp-content\/uploads\/2020\/11\/500-Euro-fuer-Kinder-in-Not.jpg\"><img loading=\"lazy\" decoding=\"async\" width=\"1024\" height=\"768\" src=\"https:\/\/www.forum-soegel.de\/information\/wp-content\/uploads\/2020\/11\/500-Euro-fuer-Kinder-in-Not.jpg\" alt=\"\" data-id=\"29848\" data-full-url=\"https:\/\/www.forum-soegel.de\/information\/wp-content\/uploads\/2020\/11\/500-Euro-fuer-Kinder-in-Not.jpg\" data-link=\"https:\/\/www.forum-soegel.de\/information\/?attachment_id=29848\" class=\"wp-image-29848\" srcset=\"https:\/\/www.forum-soegel.de\/information\/wp-content\/uploads\/2020\/11\/500-Euro-fuer-Kinder-in-Not.jpg 1024w, https:\/\/www.forum-soegel.de\/information\/wp-content\/uploads\/2020\/11\/500-Euro-fuer-Kinder-in-Not-300x225.jpg 300w, https:\/\/www.forum-soegel.de\/information\/wp-content\/uploads\/2020\/11\/500-Euro-fuer-Kinder-in-Not-768x576.jpg 768w\" sizes=\"auto, (max-width: 1024px) 100vw, 1024px\" \/><\/a><\/figure><\/li><\/ul><\/figure>\n","protected":false},"excerpt":{"rendered":"S\u00f6gel &#8211; In diesen Tagen hat proWin-Direktion Maria Wester-Hinrichs einen Spendenscheck in H\u00f6he von 500 Euro an den Verein Bauchgef\u00fchl e.V. in S\u00f6gel \u00fcberreichen k\u00f6nnen. Vereinsvorsitzender Max Steuber nahm den Scheck dankend entgegen. Zweck des Vereins sei, so Steuber, die ideelle und materielle Unterst\u00fctzung von Kindern, Jugendlichen und Heranwachsenden aus sozial benachteiligten Familien zur F\u00f6rderung [&hellip;]\n","protected":false},"author":2,"featured_media":0,"comment_status":"closed","ping_status":"closed","sticky":false,"template":"","format":"standard","meta":{"ngg_post_thumbnail":0,"footnotes":""},"categories":[5],"tags":[],"class_list":["post-29847","post","type-post","status-publish","format-standard","hentry","category-was-machen-die-vereine"],"_links":{"self":[{"href":"https:\/\/www.forum-soegel.de\/information\/wp-json\/wp\/v2\/posts\/29847","targetHints":{"allow":["GET"]}}],"collection":[{"href":"https:\/\/www.forum-soegel.de\/information\/wp-json\/wp\/v2\/posts"}],"about":[{"href":"https:\/\/www.forum-soegel.de\/information\/wp-json\/wp\/v2\/types\/post"}],"author":[{"embeddable":true,"href":"https:\/\/www.forum-soegel.de\/information\/wp-json\/wp\/v2\/users\/2"}],"replies":[{"embeddable":true,"href":"https:\/\/www.forum-soegel.de\/information\/wp-json\/wp\/v2\/comments?post=29847"}],"version-history":[{"count":1,"href":"https:\/\/www.forum-soegel.de\/information\/wp-json\/wp\/v2\/posts\/29847\/revisions"}],"predecessor-version":[{"id":29849,"href":"https:\/\/www.forum-soegel.de\/information\/wp-json\/wp\/v2\/posts\/29847\/revisions\/29849"}],"wp:attachment":[{"href":"https:\/\/www.forum-soegel.de\/information\/wp-json\/wp\/v2\/media?parent=29847"}],"wp:term":[{"taxonomy":"category","embeddable":true,"href":"https:\/\/www.forum-soegel.de\/information\/wp-json\/wp\/v2\/categories?post=29847"},{"taxonomy":"post_tag","embeddable":true,"href":"https:\/\/www.forum-soegel.de\/information\/wp-json\/wp\/v2\/tags?post=29847"}],"curies":[{"name":"wp","href":"https:\/\/api.w.org\/{rel}","templated":true}]}}